{"id":7213,"date":"2026-04-29T06:32:32","date_gmt":"2026-04-29T09:32:32","guid":{"rendered":"https:\/\/vagas.portalemprego.com.br\/?p=7213"},"modified":"2026-04-29T06:32:32","modified_gmt":"2026-04-29T09:32:32","slug":"vendedor-externo-comercial-vendas-rio-de-janeiro-8","status":"publish","type":"post","link":"https:\/\/vagas.portalemprego.com.br\/?p=7213","title":{"rendered":"Vendedor Externo &#8211; Comercial, Vendas &#8211; Rio de Janeiro"},"content":{"rendered":"<p>Oportunidade no segmento de vendas externas no ramo automotivo, com foco em prospec\u00e7\u00e3o de clientes pessoa jur\u00eddica para uma grande marca de ve\u00edculos.<\/p>\n<p>Mais de 50 anos de hist\u00f3ria e credibilidade. Com unidades no estado de S\u00e3o Paulo e do Rio de Janeiro,  o Grupo Itavema \u00e9 sin\u00f4nimo de qualidade e confian\u00e7a. <\/p>\n<p>Se voc\u00ea tem os requisitos descritos abaixo, essa oportunidade pode ser sua:<\/p>\n<p>Ensino m\u00e9dio completo;<br \/>\nCNH B atualizada;<br \/>\nExperi\u00eancia em vendas externas com foco em prospec\u00e7\u00e3o de clientes;<br \/>\nBom relacionamento interpessoal;<br \/>\nProatividade;<br \/>\nComunica\u00e7\u00e3o clara e assertiva.<\/p>\n<p>Benef\u00edcios:<\/p>\n<p>Plano de sa\u00fade e odontol\u00f3gico<br \/>\nVale transporte<\/p>\n<ul>\n<li>Local de trabalho: Rio de Janeiro, RJ<\/li>\n<li>Regime de contrata\u00e7\u00e3o de tipo: Efetivo \u2013 CLT<\/li>\n<li>Jornada: Per\u00edodo Integral<\/li>\n<li>\u00c1rea e especializa\u00e7\u00e3o profissional: Comercial, Vendas &#8211; Venda Externa<\/li>\n<li>N\u00edvel hier\u00e1rquico: Operacional<\/li>\n<\/ul>\n<p>VALORIZADO<\/p>\n<p>Tempo de experi\u00eancia: Entre 1 e 3 anos<\/p>\n<p>Escolaridade M\u00ednima: Ensino M\u00e9dio (2\u00ba Grau)<\/p>\n<p>Sal\u00e1rio: 6500,0<\/p>\n","protected":false},"excerpt":{"rendered":"<p>Oportunidade no segmento de vendas externas no ramo automotivo, com foco em prospec\u00e7\u00e3o de clientes pessoa jur\u00eddica para uma grande marca de ve\u00edculos. Mais de 50 anos de hist\u00f3ria e credibilidade. Com unidades no estado de S\u00e3o Paulo e do Rio de Janeiro, o Grupo Itavema \u00e9 sin\u00f4nimo de qualidade e confian\u00e7a. Se voc\u00ea tem [&hellip;]<\/p>\n","protected":false},"author":1,"featured_media":0,"comment_status":"open","ping_status":"open","sticky":false,"template":"","format":"standard","meta":{"footnotes":""},"categories":[21],"tags":[],"class_list":["post-7213","post","type-post","status-publish","format-standard","hentry","category-rio-de-janeiro-rj"],"_links":{"self":[{"href":"https:\/\/vagas.portalemprego.com.br\/index.php?rest_route=\/wp\/v2\/posts\/7213","targetHints":{"allow":["GET"]}}],"collection":[{"href":"https:\/\/vagas.portalemprego.com.br\/index.php?rest_route=\/wp\/v2\/posts"}],"about":[{"href":"https:\/\/vagas.portalemprego.com.br\/index.php?rest_route=\/wp\/v2\/types\/post"}],"author":[{"embeddable":true,"href":"https:\/\/vagas.portalemprego.com.br\/index.php?rest_route=\/wp\/v2\/users\/1"}],"replies":[{"embeddable":true,"href":"https:\/\/vagas.portalemprego.com.br\/index.php?rest_route=%2Fwp%2Fv2%2Fcomments&post=7213"}],"version-history":[{"count":0,"href":"https:\/\/vagas.portalemprego.com.br\/index.php?rest_route=\/wp\/v2\/posts\/7213\/revisions"}],"wp:attachment":[{"href":"https:\/\/vagas.portalemprego.com.br\/index.php?rest_route=%2Fwp%2Fv2%2Fmedia&parent=7213"}],"wp:term":[{"taxonomy":"category","embeddable":true,"href":"https:\/\/vagas.portalemprego.com.br\/index.php?rest_route=%2Fwp%2Fv2%2Fcategories&post=7213"},{"taxonomy":"post_tag","embeddable":true,"href":"https:\/\/vagas.portalemprego.com.br\/index.php?rest_route=%2Fwp%2Fv2%2Ftags&post=7213"}],"curies":[{"name":"wp","href":"https:\/\/api.w.org\/{rel}","templated":true}]}}