{"id":7214,"date":"2026-04-29T06:32:32","date_gmt":"2026-04-29T09:32:32","guid":{"rendered":"https:\/\/vagas.portalemprego.com.br\/?p=7214"},"modified":"2026-04-29T06:32:32","modified_gmt":"2026-04-29T09:32:32","slug":"analista-de-desenvolvimento-de-sistemas-informatica-ti-telecomunicacoes-rio-de-janeiro","status":"publish","type":"post","link":"https:\/\/vagas.portalemprego.com.br\/?p=7214","title":{"rendered":"Analista de Desenvolvimento de Sistemas &#8211; Inform\u00e1tica, TI, Telecomunica\u00e7\u00f5es &#8211; Rio de Janeiro"},"content":{"rendered":"<p>Viva a experi\u00eancia SONDA<br \/>\nAqui voc\u00ea transforma sua carreira!<br \/>\nPor que fazer parte da SONDA?<br \/>\nPorque assim como voc\u00ea, amamos o que fazemos, temos paix\u00e3o por inova\u00e7\u00e3o e estamos convencidos de que atrav\u00e9s do conhecimento e da tecnologia vamos transformar n\u00e3o s\u00f3 os neg\u00f3cios de nossos clientes, mas tamb\u00e9m o futuro.<br \/>\nNa SONDA voc\u00ea ter\u00e1 uma experi\u00eancia de trabalho com diversas oportunidades de desenvolvimento pessoal e profissional. Um excelente lugar para aprender e contribuir para melhorar a qualidade de vida das pessoas por meio da tecnologia.<\/p>\n<p>Procuramos Analista de Desenvolvimento de Sistemas que queira aprender e transformar sua carreira.<br \/>\nModalidade de Trabalho: Atua\u00e7\u00e3o h\u00edbrida no Rio de Janeiro ou Maca\u00e9, de 08h \u00e0s 17h, (seg \u00e0 sex).<\/p>\n<p>Nesta fun\u00e7\u00e3o voc\u00ea ir\u00e1:<br \/>\n \u2022 Desenvolvimento e manuten\u00e7\u00e3o de sistemas de gest\u00e3o, desenvolvimento de dashboards, SAP Script, Queries BW\/BEx Analyzer, Access, Excel, Visual Basic for Applications (VBA) e demais linguagens de programa\u00e7\u00e3o (Java, C#, Ruby, Python, Swift, JavaScript e PHP)<br \/>\n \u2022 Intelig\u00eancia Artificial, Blockchain, Fog Computing, Cloud Computing ou outras tend\u00eancias tecnol\u00f3gicas.<br \/>\n \u2022 Programa\u00e7\u00e3o em Business Inteligence (BI) como Spotfire, Power BI, Power Automate<\/p>\n<p>Necess\u00e1rio para a oportunidade:<br \/>\nEnsino Superior Completo (Sistemas da informa\u00e7\u00e3o ou Ci\u00eancia da Computa\u00e7\u00e3o)<br \/>\nPacote Office Avan\u00e7ado<br \/>\nExperi\u00eancia comprovada como Desenvolvedor ou Analista de Sistemas<\/p>\n<p>O que voc\u00ea pode esperar de n\u00f3s?<br \/>\nFlexibilidade de trabalho, promovendo o equil\u00edbrio entre sua vida pessoal e profissional. Desenvolvimento profissional e evolu\u00e7\u00e3o constante das suas compet\u00eancias, sempre de acordo com os seus interesses.<br \/>\nUm ambiente colaborativo, diverso e inovador, que incentiva o trabalho em equipe.<\/p>\n<p>O que oferecemos?<br \/>\nSONDA Academy: uma plataforma de aprendizado que busca maximizar seu desenvolvimento profissional.<br \/>\nTrabalho h\u00edbrido. Na SONDA sabemos que a flexibilidade \u00e9 importante para o seu bem-estar, \u00e9 por isso que contamos com jornadas presenciais e de teletrabalho.<br \/>\nSONDA Wellness, um programa que busca apoi\u00e1-lo no equil\u00edbrio da sua vida pessoal e profissional, promovendo uma s\u00e9rie de iniciativas focadas na sua sa\u00fade f\u00edsica, menta e social.<br \/>\nE muito mais!<br \/>\n+ Diversidade + Inclus\u00e3o = Inova\u00e7\u00e3o e colabora\u00e7\u00e3o<br \/>\nNa SONDA estamos comprometidos com a diversidade. Promovemos um ambiente inclusivo, garantindo que os talentos possam trabalhar em um ambiente positivo que os convide a desenvolver sua carreira profissional com igualdade de oportunidades. Sabermos que a diversidade \u00e9 um elemento fundamental para impulsionar a inova\u00e7\u00e3o, \u00e9 por isso que buscamos candidatos com base em suas qualifica\u00e7\u00f5es profissionais, independentemente de ra\u00e7a, cor da pele, religi\u00e3o, idade, sexo, orienta\u00e7\u00e3o sexual, identidade de g\u00eanero, nacionalidade ou defici\u00eancia.<br \/>\nFa\u00e7a parte da nossa equipe!<\/p>\n<p>#VempraSONDA<\/p>\n<ul>\n<li>Local de trabalho: Rio de Janeiro, RJ<\/li>\n<li>Regime de contrata\u00e7\u00e3o de tipo: Efetivo \u2013 CLT<\/li>\n<li>Jornada: Per\u00edodo Integral<\/li>\n<li>\u00c1rea e especializa\u00e7\u00e3o profissional: Inform\u00e1tica, TI, Telecomunica\u00e7\u00f5es &#8211; Programador \/ Desenvolvedor<\/li>\n<li>N\u00edvel hier\u00e1rquico: Analista<\/li>\n<\/ul>\n<p>VALORIZADO<\/p>\n<p>Tempo de experi\u00eancia: Entre 1 e 3 anos<\/p>\n<p>HABILIDADES<\/p>\n<ul>\n<li>Sistemas<\/li>\n<li>Linguagem de programa\u00e7\u00e3o<\/li>\n<li>Desenvolvimento<\/li>\n<li>Manuten\u00e7\u00e3o de sistemas<\/li>\n<li>Programa\u00e7\u00e3o<\/li>\n<\/ul>\n<p>Escolaridade M\u00ednima: Ensino Superior<\/p>\n<p>Disponibilidade para viajar<\/p>\n","protected":false},"excerpt":{"rendered":"<p>Viva a experi\u00eancia SONDA Aqui voc\u00ea transforma sua carreira! Por que fazer parte da SONDA? Porque assim como voc\u00ea, amamos o que fazemos, temos paix\u00e3o por inova\u00e7\u00e3o e estamos convencidos de que atrav\u00e9s do conhecimento e da tecnologia vamos transformar n\u00e3o s\u00f3 os neg\u00f3cios de nossos clientes, mas tamb\u00e9m o futuro. Na SONDA voc\u00ea ter\u00e1 [&hellip;]<\/p>\n","protected":false},"author":1,"featured_media":0,"comment_status":"open","ping_status":"open","sticky":false,"template":"","format":"standard","meta":{"footnotes":""},"categories":[21],"tags":[],"class_list":["post-7214","post","type-post","status-publish","format-standard","hentry","category-rio-de-janeiro-rj"],"_links":{"self":[{"href":"https:\/\/vagas.portalemprego.com.br\/index.php?rest_route=\/wp\/v2\/posts\/7214","targetHints":{"allow":["GET"]}}],"collection":[{"href":"https:\/\/vagas.portalemprego.com.br\/index.php?rest_route=\/wp\/v2\/posts"}],"about":[{"href":"https:\/\/vagas.portalemprego.com.br\/index.php?rest_route=\/wp\/v2\/types\/post"}],"author":[{"embeddable":true,"href":"https:\/\/vagas.portalemprego.com.br\/index.php?rest_route=\/wp\/v2\/users\/1"}],"replies":[{"embeddable":true,"href":"https:\/\/vagas.portalemprego.com.br\/index.php?rest_route=%2Fwp%2Fv2%2Fcomments&post=7214"}],"version-history":[{"count":0,"href":"https:\/\/vagas.portalemprego.com.br\/index.php?rest_route=\/wp\/v2\/posts\/7214\/revisions"}],"wp:attachment":[{"href":"https:\/\/vagas.portalemprego.com.br\/index.php?rest_route=%2Fwp%2Fv2%2Fmedia&parent=7214"}],"wp:term":[{"taxonomy":"category","embeddable":true,"href":"https:\/\/vagas.portalemprego.com.br\/index.php?rest_route=%2Fwp%2Fv2%2Fcategories&post=7214"},{"taxonomy":"post_tag","embeddable":true,"href":"https:\/\/vagas.portalemprego.com.br\/index.php?rest_route=%2Fwp%2Fv2%2Ftags&post=7214"}],"curies":[{"name":"wp","href":"https:\/\/api.w.org\/{rel}","templated":true}]}}