{"id":7217,"date":"2026-04-29T06:33:33","date_gmt":"2026-04-29T09:33:33","guid":{"rendered":"https:\/\/vagas.portalemprego.com.br\/?p=7217"},"modified":"2026-04-29T06:33:33","modified_gmt":"2026-04-29T09:33:33","slug":"motorista-manobreiro-empresa-de-onibus-transportes-rio-de-janeiro","status":"publish","type":"post","link":"https:\/\/vagas.portalemprego.com.br\/?p=7217","title":{"rendered":"Motorista Manobreiro empresa de \u00d4nibus &#8211; Transportes &#8211; Rio de Janeiro"},"content":{"rendered":"<p>Cumprir os procedimentos operacionais sob sua responsabilidade, conforme instru\u00e7\u00e3o de trabalho (PO).<\/p>\n<p>Dirigir o ve\u00edculo no p\u00e1tio da garagem para que seja efetuada a limpeza interna.<\/p>\n<p>Dirigir os \u00f4nibus dentro da empresa, colocando-os em locais pr\u00e9-determinados.<\/p>\n<p>Dirigir o \u00f4nibus do p\u00e1tio superior at\u00e9 o local sinalizado.<\/p>\n<p>Estacionar o \u00f4nibus nos pontos indicados de carregamento no p\u00e1tio.<\/p>\n<p>Executar outras tarefas correlatas \u00e0s acima descritas, a crit\u00e9rio do superior.<\/p>\n<ul>\n<li>Local de trabalho: Rio de Janeiro, RJ<\/li>\n<li>Regime de contrata\u00e7\u00e3o de tipo: Efetivo \u2013 CLT<\/li>\n<li>Jornada: Per\u00edodo Integral<\/li>\n<li>\u00c1rea e especializa\u00e7\u00e3o profissional: Transportes &#8211; Motorista &#8211; Hab D<\/li>\n<li>N\u00edvel hier\u00e1rquico: Operacional<\/li>\n<\/ul>\n<p>Escolaridade M\u00ednima: Ensino M\u00e9dio (2\u00ba Grau)<\/p>\n<p>Habilita\u00e7\u00e3o para dirigir: D<\/p>\n<ul>\n<li>Plano odontol\u00f3gico<\/li>\n<li>barbeiro mensal<\/li>\n<li>ticket alimenta\u00e7\u00e3o<\/li>\n<li>vale-transporte<\/li>\n<li>clt<\/li>\n<\/ul>\n","protected":false},"excerpt":{"rendered":"<p>Cumprir os procedimentos operacionais sob sua responsabilidade, conforme instru\u00e7\u00e3o de trabalho (PO). Dirigir o ve\u00edculo no p\u00e1tio da garagem para que seja efetuada a limpeza interna. Dirigir os \u00f4nibus dentro da empresa, colocando-os em locais pr\u00e9-determinados. Dirigir o \u00f4nibus do p\u00e1tio superior at\u00e9 o local sinalizado. Estacionar o \u00f4nibus nos pontos indicados de carregamento no [&hellip;]<\/p>\n","protected":false},"author":1,"featured_media":0,"comment_status":"open","ping_status":"open","sticky":false,"template":"","format":"standard","meta":{"footnotes":""},"categories":[21],"tags":[],"class_list":["post-7217","post","type-post","status-publish","format-standard","hentry","category-rio-de-janeiro-rj"],"_links":{"self":[{"href":"https:\/\/vagas.portalemprego.com.br\/index.php?rest_route=\/wp\/v2\/posts\/7217","targetHints":{"allow":["GET"]}}],"collection":[{"href":"https:\/\/vagas.portalemprego.com.br\/index.php?rest_route=\/wp\/v2\/posts"}],"about":[{"href":"https:\/\/vagas.portalemprego.com.br\/index.php?rest_route=\/wp\/v2\/types\/post"}],"author":[{"embeddable":true,"href":"https:\/\/vagas.portalemprego.com.br\/index.php?rest_route=\/wp\/v2\/users\/1"}],"replies":[{"embeddable":true,"href":"https:\/\/vagas.portalemprego.com.br\/index.php?rest_route=%2Fwp%2Fv2%2Fcomments&post=7217"}],"version-history":[{"count":0,"href":"https:\/\/vagas.portalemprego.com.br\/index.php?rest_route=\/wp\/v2\/posts\/7217\/revisions"}],"wp:attachment":[{"href":"https:\/\/vagas.portalemprego.com.br\/index.php?rest_route=%2Fwp%2Fv2%2Fmedia&parent=7217"}],"wp:term":[{"taxonomy":"category","embeddable":true,"href":"https:\/\/vagas.portalemprego.com.br\/index.php?rest_route=%2Fwp%2Fv2%2Fcategories&post=7217"},{"taxonomy":"post_tag","embeddable":true,"href":"https:\/\/vagas.portalemprego.com.br\/index.php?rest_route=%2Fwp%2Fv2%2Ftags&post=7217"}],"curies":[{"name":"wp","href":"https:\/\/api.w.org\/{rel}","templated":true}]}}