{"id":7219,"date":"2026-04-29T06:33:33","date_gmt":"2026-04-29T09:33:33","guid":{"rendered":"https:\/\/vagas.portalemprego.com.br\/?p=7219"},"modified":"2026-04-29T06:33:33","modified_gmt":"2026-04-29T09:33:33","slug":"representante-comercial-comercial-vendas-rio-de-janeiro-8","status":"publish","type":"post","link":"https:\/\/vagas.portalemprego.com.br\/?p=7219","title":{"rendered":"Representante Comercial &#8211; Comercial, Vendas &#8211; Rio de Janeiro"},"content":{"rendered":"<p>Realizar\u00e1 as seguintes atividades:<\/p>\n<p>&#8211; Manter rela\u00e7\u00f5es comerciais positivas para garantir vendas futuras;<br \/>\n&#8211; Atuar\u00e1 na partes interna e externa da empresa;<br \/>\n&#8211; Ter s\u00f3lida experi\u00eancia e conhecimento com a estrutura de \u00d3rg\u00e3o P\u00fablico;<br \/>\n&#8211; Apresentar\u00e1 os nossos produtos;<br \/>\n&#8211; Far\u00e1 rotinas administrativas de um modo geral;<\/p>\n<p>Requisitos da vaga:<br \/>\n&#8211; Ter CNH B<br \/>\n&#8211; Precisa ter disponibilidade para viajar;<\/p>\n<p>Local de trabalho: Manguinhos &#8211; RJ<br \/>\nSal\u00e1rio: \u00c0 combinar<br \/>\nBenef\u00edcios: Auxilio funeral + Seguro de Vida + vale refei\u00e7\u00e3o + vale transporte + ap\u00f3s 3 meses de experi\u00eancia plano de sa\u00fade e plano odontol\u00f3gico<\/p>\n<ul>\n<li>Local de trabalho: Rio de Janeiro, RJ<\/li>\n<li>Regime de contrata\u00e7\u00e3o de tipo: Efetivo \u2013 CLT<\/li>\n<li>Jornada: Per\u00edodo Integral<\/li>\n<li>\u00c1rea e especializa\u00e7\u00e3o profissional: Comercial, Vendas &#8211; Representa\u00e7\u00e3o Comercial<\/li>\n<li>N\u00edvel hier\u00e1rquico: Especialista<\/li>\n<\/ul>\n<p>VALORIZADO<\/p>\n<p>Tempo de experi\u00eancia: Entre 1 e 3 anos<\/p>\n<p>Escolaridade M\u00ednima: Ensino M\u00e9dio (2\u00ba Grau)<\/p>\n<p>Habilita\u00e7\u00e3o para dirigir: B<\/p>\n<p>Ve\u00edculo pr\u00f3prio<\/p>\n<p>Disponibilidade para viajar<\/p>\n<ul>\n<li>Assist\u00eancia odontol\u00f3gica<\/li>\n<li>Vale-refei\u00e7\u00e3o<\/li>\n<li>Assist\u00eancia m\u00e9dica<\/li>\n<li>Vale-transporte<\/li>\n<li>Seguro de Vida<\/li>\n<\/ul>\n","protected":false},"excerpt":{"rendered":"<p>Realizar\u00e1 as seguintes atividades: &#8211; Manter rela\u00e7\u00f5es comerciais positivas para garantir vendas futuras; &#8211; Atuar\u00e1 na partes interna e externa da empresa; &#8211; Ter s\u00f3lida experi\u00eancia e conhecimento com a estrutura de \u00d3rg\u00e3o P\u00fablico; &#8211; Apresentar\u00e1 os nossos produtos; &#8211; Far\u00e1 rotinas administrativas de um modo geral; Requisitos da vaga: &#8211; Ter CNH B &#8211; [&hellip;]<\/p>\n","protected":false},"author":1,"featured_media":0,"comment_status":"open","ping_status":"open","sticky":false,"template":"","format":"standard","meta":{"footnotes":""},"categories":[21],"tags":[],"class_list":["post-7219","post","type-post","status-publish","format-standard","hentry","category-rio-de-janeiro-rj"],"_links":{"self":[{"href":"https:\/\/vagas.portalemprego.com.br\/index.php?rest_route=\/wp\/v2\/posts\/7219","targetHints":{"allow":["GET"]}}],"collection":[{"href":"https:\/\/vagas.portalemprego.com.br\/index.php?rest_route=\/wp\/v2\/posts"}],"about":[{"href":"https:\/\/vagas.portalemprego.com.br\/index.php?rest_route=\/wp\/v2\/types\/post"}],"author":[{"embeddable":true,"href":"https:\/\/vagas.portalemprego.com.br\/index.php?rest_route=\/wp\/v2\/users\/1"}],"replies":[{"embeddable":true,"href":"https:\/\/vagas.portalemprego.com.br\/index.php?rest_route=%2Fwp%2Fv2%2Fcomments&post=7219"}],"version-history":[{"count":0,"href":"https:\/\/vagas.portalemprego.com.br\/index.php?rest_route=\/wp\/v2\/posts\/7219\/revisions"}],"wp:attachment":[{"href":"https:\/\/vagas.portalemprego.com.br\/index.php?rest_route=%2Fwp%2Fv2%2Fmedia&parent=7219"}],"wp:term":[{"taxonomy":"category","embeddable":true,"href":"https:\/\/vagas.portalemprego.com.br\/index.php?rest_route=%2Fwp%2Fv2%2Fcategories&post=7219"},{"taxonomy":"post_tag","embeddable":true,"href":"https:\/\/vagas.portalemprego.com.br\/index.php?rest_route=%2Fwp%2Fv2%2Ftags&post=7219"}],"curies":[{"name":"wp","href":"https:\/\/api.w.org\/{rel}","templated":true}]}}