{"id":7220,"date":"2026-04-29T06:33:33","date_gmt":"2026-04-29T09:33:33","guid":{"rendered":"https:\/\/vagas.portalemprego.com.br\/?p=7220"},"modified":"2026-04-29T06:33:33","modified_gmt":"2026-04-29T09:33:33","slug":"analista-de-planejamento-de-demanda-logistica-rio-de-janeiro","status":"publish","type":"post","link":"https:\/\/vagas.portalemprego.com.br\/?p=7220","title":{"rendered":"Analista de Planejamento de Demanda &#8211; Log\u00edstica &#8211; Rio de Janeiro"},"content":{"rendered":"<p>Venha conosco transformar celebra\u00e7\u00f5es em momentos inesquec\u00edveis! <\/p>\n<p>Estamos em busca de um Analista de Planejamento e Demanda para se juntar \u00e0 nossa equipe!<\/p>\n<p>Se voc\u00ea \u00e9 apaixonado por an\u00e1lise de dados, planejamento estrat\u00e9gico e tem habilidades em gerenciamento de demanda, essa \u00e9 a oportunidade perfeita para voc\u00ea.<\/p>\n<p>Responsabilidades:<\/p>\n<p>\u2022\tDesenvolver plano anual, semestral e trimestral de demanda, considerando os elementos do marketing e mercadol\u00f3gico;<\/p>\n<p>\u2022\tMonitorar e ajustar o plano de demanda at\u00e9 30 dias antes do evento (D-30), garantindo acuracidade e equil\u00edbrio entre disponibilidade de produtos e tamanho do estoque;<\/p>\n<p>\u2022\tConsolida\u00e7\u00e3o e analise de dados de demanda por categoria, analises volume x receita e demanda x atendimento;<\/p>\n<p>\u2022\tAnalisar e manter a disponibilidade de estoque das unidades de neg\u00f3cio;<\/p>\n<p>\u2022\tGarantir que os embarques dos produtos acabados aconte\u00e7am nas datas programadas;<\/p>\n<p>\u2022\tEmitir ordens de compra;<\/p>\n<p>\u2022\tTrabalhar em conjunto com as \u00e1reas de Marketing, Demanda e Produ\u00e7\u00e3o de modo a antecipar riscos e a necessidade de ajustes no forecast;<\/p>\n<p>\u2022\tGarantir o atendimento aos clientes nas datas acordadas, para assegurar os n\u00edveis previamente estimados do indicador de OCT (Order Cycle Time);<\/p>\n<p>\u2022\tAcompanhar lan\u00e7amentos de novos produtos, negociando as quantidades e prazos de entrega com os fornecedores, para atender a data de lan\u00e7amento acordada com a equipe regional;<\/p>\n<p>\u2022\tGerir junto com a \u00e1rea de Performance os reports e indicadores da \u00e1rea.<\/p>\n<p>Requisitos:<\/p>\n<p>\u2022\tForma\u00e7\u00e3o em Estat\u00edstica, Matem\u00e1tica, Administra\u00e7\u00e3o, Engenharia, Economia ou \u00e1reas relacionadas;<\/p>\n<p>\u2022\tConhecimento e experi\u00eancia com Power BI e Excel Avan\u00e7ados (ser\u00e3o testados);<\/p>\n<p>\u2022\tExperi\u00eancia comprovada como Analista de Planejamento e Demanda ou em um cargo similar;<\/p>\n<p>\u2022\tAtua\u00e7\u00e3o com modelagem estat\u00edstica e matem\u00e1tica (ser\u00e1 testado);<\/p>\n<p>\u2022\tConhecimento de analitycs, m\u00e9tricas de acuracidade e estrutura\u00e7\u00e3o de base de dados;<\/p>\n<p>Diferencial \u2013 conhecimento em linguagem de programa\u00e7\u00e3o, VBA, SAS, SQL e Python.<\/p>\n<p>Se voc\u00ea se encaixa nesse perfil e est\u00e1 procurando por um desafio emocionante em uma empresa em crescimento, candidate-se!<\/p>\n<ul>\n<li>Local de trabalho: Rio de Janeiro, RJ<\/li>\n<li>Regime de contrata\u00e7\u00e3o de tipo: Efetivo \u2013 CLT<\/li>\n<li>Jornada: Per\u00edodo Integral<\/li>\n<li>\u00c1rea e especializa\u00e7\u00e3o profissional: Log\u00edstica &#8211; Log\u00edstica<\/li>\n<li>N\u00edvel hier\u00e1rquico: Analista<\/li>\n<\/ul>\n<p>HABILIDADES<\/p>\n<ul>\n<li>Proatividade<\/li>\n<li>Hands on<\/li>\n<li>Power BI<\/li>\n<li>Modelagem Estatistica<\/li>\n<li>Comunica\u00e7\u00e3o<\/li>\n<\/ul>\n<p>Escolaridade M\u00ednima: Ensino Superior<\/p>\n<p>Forma\u00e7\u00e3o desejada:<\/p>\n<ul>\n<li>Estat\u00edstica, Ensino Superior<\/li>\n<li>Administra\u00e7\u00e3o de empresas, Ensino Superior<\/li>\n<li>Matem\u00e1tica, Ensino Superior<\/li>\n<li>Engenharia de produ\u00e7\u00e3o\/industrial, Ensino Superior<\/li>\n<li>Log\u00edstica, Ensino Superior<\/li>\n<li>Economia, Ensino Superior<\/li>\n<\/ul>\n","protected":false},"excerpt":{"rendered":"<p>Venha conosco transformar celebra\u00e7\u00f5es em momentos inesquec\u00edveis! Estamos em busca de um Analista de Planejamento e Demanda para se juntar \u00e0 nossa equipe! Se voc\u00ea \u00e9 apaixonado por an\u00e1lise de dados, planejamento estrat\u00e9gico e tem habilidades em gerenciamento de demanda, essa \u00e9 a oportunidade perfeita para voc\u00ea. Responsabilidades: \u2022 Desenvolver plano anual, semestral e trimestral [&hellip;]<\/p>\n","protected":false},"author":1,"featured_media":0,"comment_status":"open","ping_status":"open","sticky":false,"template":"","format":"standard","meta":{"footnotes":""},"categories":[21],"tags":[],"class_list":["post-7220","post","type-post","status-publish","format-standard","hentry","category-rio-de-janeiro-rj"],"_links":{"self":[{"href":"https:\/\/vagas.portalemprego.com.br\/index.php?rest_route=\/wp\/v2\/posts\/7220","targetHints":{"allow":["GET"]}}],"collection":[{"href":"https:\/\/vagas.portalemprego.com.br\/index.php?rest_route=\/wp\/v2\/posts"}],"about":[{"href":"https:\/\/vagas.portalemprego.com.br\/index.php?rest_route=\/wp\/v2\/types\/post"}],"author":[{"embeddable":true,"href":"https:\/\/vagas.portalemprego.com.br\/index.php?rest_route=\/wp\/v2\/users\/1"}],"replies":[{"embeddable":true,"href":"https:\/\/vagas.portalemprego.com.br\/index.php?rest_route=%2Fwp%2Fv2%2Fcomments&post=7220"}],"version-history":[{"count":0,"href":"https:\/\/vagas.portalemprego.com.br\/index.php?rest_route=\/wp\/v2\/posts\/7220\/revisions"}],"wp:attachment":[{"href":"https:\/\/vagas.portalemprego.com.br\/index.php?rest_route=%2Fwp%2Fv2%2Fmedia&parent=7220"}],"wp:term":[{"taxonomy":"category","embeddable":true,"href":"https:\/\/vagas.portalemprego.com.br\/index.php?rest_route=%2Fwp%2Fv2%2Fcategories&post=7220"},{"taxonomy":"post_tag","embeddable":true,"href":"https:\/\/vagas.portalemprego.com.br\/index.php?rest_route=%2Fwp%2Fv2%2Ftags&post=7220"}],"curies":[{"name":"wp","href":"https:\/\/api.w.org\/{rel}","templated":true}]}}