{"id":7272,"date":"2026-04-29T06:32:32","date_gmt":"2026-04-29T09:32:32","guid":{"rendered":"https:\/\/vagas.portalemprego.com.br\/?p=7272"},"modified":"2026-04-29T06:32:32","modified_gmt":"2026-04-29T09:32:32","slug":"supervisor-administrativo-administracao-rio-de-janeiro","status":"publish","type":"post","link":"https:\/\/vagas.portalemprego.com.br\/?p=7272","title":{"rendered":"Supervisor Administrativo &#8211; Administra\u00e7\u00e3o &#8211; Rio de Janeiro"},"content":{"rendered":"<p>Experi\u00eancias anteriores nas rotinas . Lideran\u00e7a, relacionamento interpessoal, boa flu\u00eancia verbal e escrita,<br \/>\niniciativa e flexibilidade, cordialidade.&#8221;\u2022 Receber e verificar as ordens de servi\u00e7os enviadas pelo planejamento de manuten\u00e7\u00e3o, providenciando junto as<br \/>\nequipes de el\u00e9trica, mec\u00e2nica, hidr\u00e1ulica e civil a execu\u00e7\u00e3o das atividades nos ambiente do cliente, tais como CPD\u2019s, salas t\u00e9cnicas, ambientes de<br \/>\nescrit\u00f3rio e externos;<br \/>\n\u2022 Inspecionar os servi\u00e7os realizados pela equipe, visando garantir a execu\u00e7\u00e3o das ordens de servi\u00e7os, em prazo e resultado;<br \/>\n\u2022 Acionar e inspecionar atividades de terceiros especializados nas instala\u00e7\u00f5es do cliente, visando garantir a execu\u00e7\u00e3o em prazo e resultado;<br \/>\n\u2022 Consolidar informa\u00e7\u00f5es t\u00e9cnicas qualitativas e quantitativas para or\u00e7amento;<br \/>\n\u2022 Efetuar levantamentos com equipe t\u00e9cnica e\/ou fornecedores;<br \/>\n\u2022 Realizar o controle das ordens de servi\u00e7os recebidas e distribu\u00eddas a equipe, avaliar, orientar no correto preenchimento e encaminhar para o<br \/>\nplanejamento de manuten\u00e7\u00e3o;<br \/>\n\u2022 Realizar o levantamento de materiais pendentes para a execu\u00e7\u00e3o das ordens de servi\u00e7os e encaminhar para compra, informando ao planejamento de<br \/>\nmanuten\u00e7\u00e3o as pend\u00eancias;<br \/>\n\u2022 Realizar rondas nas instala\u00e7\u00f5es do sistema de ar condicionado, assegurando seu funcionamento e conforto dos usu\u00e1rios;<br \/>\n\u2022 Supervisionar e acompanhar a equipe de limpeza, copa, vigil\u00e2ncia de facilities em geral;<br \/>\n\u2022 Supervisionar a equipe administrativa, verificando, m\u00e1quinas de caf\u00e9s e snacks, observando as condi\u00e7\u00f5es de higiene;<br \/>\n\u2022 Controlar a entrega de insumos higi\u00eanicos;<br \/>\n\u2022 Acionar o atendimento t\u00e9cnico especializado das empresas subcontratadas (manuten\u00e7\u00e3o, seguran\u00e7a) registrando o atendimento atrav\u00e9s da abertura de<br \/>\nordem de servi\u00e7o;<br \/>\n\u2022 Observar o atendimento e postura dos subcontratados, tais como: uniforme, apar\u00eancia, pontualidade, visando atender o padr\u00e3o estabelecido pelo<br \/>\ncliente;<br \/>\n\u2022 Fazer o controle do arquivo da documenta\u00e7\u00e3o legal, tais como: contratos de loca\u00e7\u00e3o, contratos de servi\u00e7o, IPTU, prestadores de servi\u00e7os, fluxos de<br \/>\naprova\u00e7\u00e3o, observando a rastreabilidade e informando as condi\u00e7\u00f5es de prazos e datas de vencimentos ao coordenador de facilities;<br \/>\n\u2022 Acompanhar o desenvolvimento das atividades de recep\u00e7\u00e3o e mensageira, controlando e acompanhando as tarefas rotineiras no intuito de cumprirmos<br \/>\nos prazos e qualidades estabelecidas;<br \/>\n\u2022 Fornecer as informa\u00e7\u00f5es sobre os servi\u00e7os realizados no site, auxiliando na elabora\u00e7\u00e3o do relat\u00f3rios gerenciais;<br \/>\n\u2022 Suprir a falta da recepcionista ou cont\u00ednuo em per\u00edodos de (at\u00e9 30 dias) na \u00e1rea de atendimento ao cliente;<br \/>\n\u2022 Elaborar planilhas para controles administrativos;<br \/>\n\u2022 Realizar or\u00e7amentos para composi\u00e7\u00e3o de estoques em geral, servir caf\u00e9 e \u00e1gua quando necess\u00e1rio nas salas de reuni\u00f5es e Controle da entrega de<br \/>\ninsumos da Conbras (Manuten\u00e7\u00e3o e limpeza) e insumos de escrit\u00f3rio e higi\u00eanicos<\/p>\n<ul>\n<li>Local de trabalho: Rio de Janeiro, RJ<\/li>\n<li>Regime de contrata\u00e7\u00e3o de tipo: Efetivo \u2013 CLT<\/li>\n<li>Jornada: Per\u00edodo Integral<\/li>\n<li>\u00c1rea e especializa\u00e7\u00e3o profissional: Administra\u00e7\u00e3o &#8211; Administra\u00e7\u00e3o Geral<\/li>\n<li>N\u00edvel hier\u00e1rquico: Supervisor<\/li>\n<\/ul>\n<p>VALORIZADO<\/p>\n<p>Tempo de experi\u00eancia: Entre 1 e 3 anos<\/p>\n<p>Escolaridade M\u00ednima: Ensino Superior<\/p>\n<ul>\n<li>Assist\u00eancia m\u00e9dica<\/li>\n<li>Assist\u00eancia odontol\u00f3gica<\/li>\n<li>Vale-refei\u00e7\u00e3o<\/li>\n<li>Vale-alimenta\u00e7\u00e3o<\/li>\n<li>Vale-transporte<\/li>\n<\/ul>\n<p>Sal\u00e1rio: 5000,0<\/p>\n","protected":false},"excerpt":{"rendered":"<p>Experi\u00eancias anteriores nas rotinas . Lideran\u00e7a, relacionamento interpessoal, boa flu\u00eancia verbal e escrita, iniciativa e flexibilidade, cordialidade.&#8221;\u2022 Receber e verificar as ordens de servi\u00e7os enviadas pelo planejamento de manuten\u00e7\u00e3o, providenciando junto as equipes de el\u00e9trica, mec\u00e2nica, hidr\u00e1ulica e civil a execu\u00e7\u00e3o das atividades nos ambiente do cliente, tais como CPD\u2019s, salas t\u00e9cnicas, ambientes de escrit\u00f3rio [&hellip;]<\/p>\n","protected":false},"author":1,"featured_media":0,"comment_status":"open","ping_status":"open","sticky":false,"template":"","format":"standard","meta":{"footnotes":""},"categories":[21],"tags":[],"class_list":["post-7272","post","type-post","status-publish","format-standard","hentry","category-rio-de-janeiro-rj"],"_links":{"self":[{"href":"https:\/\/vagas.portalemprego.com.br\/index.php?rest_route=\/wp\/v2\/posts\/7272","targetHints":{"allow":["GET"]}}],"collection":[{"href":"https:\/\/vagas.portalemprego.com.br\/index.php?rest_route=\/wp\/v2\/posts"}],"about":[{"href":"https:\/\/vagas.portalemprego.com.br\/index.php?rest_route=\/wp\/v2\/types\/post"}],"author":[{"embeddable":true,"href":"https:\/\/vagas.portalemprego.com.br\/index.php?rest_route=\/wp\/v2\/users\/1"}],"replies":[{"embeddable":true,"href":"https:\/\/vagas.portalemprego.com.br\/index.php?rest_route=%2Fwp%2Fv2%2Fcomments&post=7272"}],"version-history":[{"count":0,"href":"https:\/\/vagas.portalemprego.com.br\/index.php?rest_route=\/wp\/v2\/posts\/7272\/revisions"}],"wp:attachment":[{"href":"https:\/\/vagas.portalemprego.com.br\/index.php?rest_route=%2Fwp%2Fv2%2Fmedia&parent=7272"}],"wp:term":[{"taxonomy":"category","embeddable":true,"href":"https:\/\/vagas.portalemprego.com.br\/index.php?rest_route=%2Fwp%2Fv2%2Fcategories&post=7272"},{"taxonomy":"post_tag","embeddable":true,"href":"https:\/\/vagas.portalemprego.com.br\/index.php?rest_route=%2Fwp%2Fv2%2Ftags&post=7272"}],"curies":[{"name":"wp","href":"https:\/\/api.w.org\/{rel}","templated":true}]}}