{"id":7273,"date":"2026-04-29T06:32:32","date_gmt":"2026-04-29T09:32:32","guid":{"rendered":"https:\/\/vagas.portalemprego.com.br\/?p=7273"},"modified":"2026-04-29T06:32:32","modified_gmt":"2026-04-29T09:32:32","slug":"auxiliar-administrativo-pcd-administracao-porto-real","status":"publish","type":"post","link":"https:\/\/vagas.portalemprego.com.br\/?p=7273","title":{"rendered":"Auxiliar Administrativo (PCD) &#8211; Administra\u00e7\u00e3o &#8211; Porto Real"},"content":{"rendered":"<p>Oferta de Emprego &#8211; Auxiliar Administrativo<\/p>\n<p>O Grupo SADA, empresa l\u00edder no mercado de log\u00edstica e transporte, est\u00e1 em busca de um profissional para ocupar a vaga de Auxiliar Administrativo. Se voc\u00ea \u00e9 uma pessoa proativa, organizada e possui habilidades administrativas, essa oportunidade pode ser ideal para voc\u00ea!<\/p>\n<p>Responsabilidades do Cargo:<br \/>\n&#8211; Executar tarefas administrativas em geral, cumprindo as demandas solicitadas pelo l\u00edder da organiza\u00e7\u00e3o;<br \/>\n&#8211; Organizar e arquivar documentos, garantindo que estejam acess\u00edveis e atualizados quando necess\u00e1rio;<br \/>\n&#8211; Auxiliar no controle de estoque, realizando invent\u00e1rios peri\u00f3dicos e mantendo registros atualizados;<br \/>\n&#8211; Prestar suporte aos colaboradores da \u00e1rea administrativa, fornecendo informa\u00e7\u00f5es e orienta\u00e7\u00f5es necess\u00e1rias;<br \/>\n&#8211; Realizar atividades de atendimento telef\u00f4nico e recep\u00e7\u00e3o, direcionando as chamadas e visitantes para os setores apropriados;<br \/>\n&#8211; Colaborar na elabora\u00e7\u00e3o de relat\u00f3rios e planilhas, garantindo a precis\u00e3o e atualiza\u00e7\u00e3o das informa\u00e7\u00f5es;<br \/>\n&#8211; Realizar atividades de lan\u00e7amento de notas fiscais, controle de pagamentos e emiss\u00e3o de boletos;<br \/>\n&#8211; Participar de reuni\u00f5es e treinamentos, buscando aprimorar as habilidades e conhecimentos relacionados \u00e0 \u00e1rea administrativa.<\/p>\n<p>Requisitos:<br \/>\n&#8211; Ensino M\u00e9dio completo;<br \/>\n&#8211; Experi\u00eancia pr\u00e9via na \u00e1rea administrativa ser\u00e1 considerada um diferencial;<br \/>\n&#8211; Conhecimentos em inform\u00e1tica, principalmente nos programas do pacote Office;<br \/>\n&#8211; Boa comunica\u00e7\u00e3o verbal e escrita;<br \/>\n&#8211; Organiza\u00e7\u00e3o, aten\u00e7\u00e3o aos detalhes e comprometimento com prazos e metas estabelecidas.<\/p>\n<p>Condi\u00e7\u00f5es:<br \/>\n&#8211; Sal\u00e1rio compat\u00edvel com o mercado e benef\u00edcios oferecidos pela empresa;<br \/>\n&#8211; Jornada de trabalho de segunda a sexta-feira, em hor\u00e1rio comercial;<br \/>\n&#8211; Oportunidade de crescimento e desenvolvimento profissional;<br \/>\n&#8211; Ambiente de trabalho colaborativo e din\u00e2mico, com possibilidade de aprendizado constante.<\/p>\n<p>Se voc\u00ea se identifica com o perfil descrito e est\u00e1 em busca de uma oportunidade para desenvolver sua carreira na \u00e1rea administrativa, envie seu curr\u00edculo juntamente com uma carta de apresenta\u00e7\u00e3o para o email recrutamento@sada.com.br at\u00e9 o dia [data limite de envio dos curr\u00edculos].<\/p>\n<p>O Grupo SADA valoriza a diversidade e acredita no potencial de cada indiv\u00edduo. Todas as candidaturas ser\u00e3o analisadas com base na experi\u00eancia e habilidades apresentadas, sem qualquer tipo de discrimina\u00e7\u00e3o.<\/p>\n<p>Agradecemos antecipadamente a todos os candidatos interessados e informamos que apenas aqueles selecionados para entrevista ser\u00e3o contatados.<\/p>\n<p>Atenciosamente,<\/p>\n<p>[Seu nome]<br \/>\nRecrutador Especializado<br \/>\nGrupo SADA<\/p>\n<ul>\n<li>Local de trabalho: Porto Real, RJ<\/li>\n<li>Regime de contrata\u00e7\u00e3o de tipo: Efetivo \u2013 CLT<\/li>\n<li>Jornada: Per\u00edodo Integral<\/li>\n<li>\u00c1rea e especializa\u00e7\u00e3o profissional: Administra\u00e7\u00e3o &#8211; Administra\u00e7\u00e3o Geral<\/li>\n<li>N\u00edvel hier\u00e1rquico: Auxiliar<\/li>\n<\/ul>\n<p>VALORIZADO<\/p>\n<p>Tempo de experi\u00eancia: Menos de 1 ano<\/p>\n<p>HABILIDADES<\/p>\n<ul>\n<li>executam tarefas administrativas em geral, geralmente em nome de um l\u00edder da organiza\u00e7\u00e3o<\/li>\n<\/ul>\n<p>Escolaridade M\u00ednima: Ensino M\u00e9dio (2\u00ba Grau)<\/p>\n<p>Sal\u00e1rio: 1700,0<\/p>\n","protected":false},"excerpt":{"rendered":"<p>Oferta de Emprego &#8211; Auxiliar Administrativo O Grupo SADA, empresa l\u00edder no mercado de log\u00edstica e transporte, est\u00e1 em busca de um profissional para ocupar a vaga de Auxiliar Administrativo. Se voc\u00ea \u00e9 uma pessoa proativa, organizada e possui habilidades administrativas, essa oportunidade pode ser ideal para voc\u00ea! Responsabilidades do Cargo: &#8211; Executar tarefas administrativas [&hellip;]<\/p>\n","protected":false},"author":1,"featured_media":0,"comment_status":"open","ping_status":"open","sticky":false,"template":"","format":"standard","meta":{"footnotes":""},"categories":[21],"tags":[],"class_list":["post-7273","post","type-post","status-publish","format-standard","hentry","category-rio-de-janeiro-rj"],"_links":{"self":[{"href":"https:\/\/vagas.portalemprego.com.br\/index.php?rest_route=\/wp\/v2\/posts\/7273","targetHints":{"allow":["GET"]}}],"collection":[{"href":"https:\/\/vagas.portalemprego.com.br\/index.php?rest_route=\/wp\/v2\/posts"}],"about":[{"href":"https:\/\/vagas.portalemprego.com.br\/index.php?rest_route=\/wp\/v2\/types\/post"}],"author":[{"embeddable":true,"href":"https:\/\/vagas.portalemprego.com.br\/index.php?rest_route=\/wp\/v2\/users\/1"}],"replies":[{"embeddable":true,"href":"https:\/\/vagas.portalemprego.com.br\/index.php?rest_route=%2Fwp%2Fv2%2Fcomments&post=7273"}],"version-history":[{"count":0,"href":"https:\/\/vagas.portalemprego.com.br\/index.php?rest_route=\/wp\/v2\/posts\/7273\/revisions"}],"wp:attachment":[{"href":"https:\/\/vagas.portalemprego.com.br\/index.php?rest_route=%2Fwp%2Fv2%2Fmedia&parent=7273"}],"wp:term":[{"taxonomy":"category","embeddable":true,"href":"https:\/\/vagas.portalemprego.com.br\/index.php?rest_route=%2Fwp%2Fv2%2Fcategories&post=7273"},{"taxonomy":"post_tag","embeddable":true,"href":"https:\/\/vagas.portalemprego.com.br\/index.php?rest_route=%2Fwp%2Fv2%2Ftags&post=7273"}],"curies":[{"name":"wp","href":"https:\/\/api.w.org\/{rel}","templated":true}]}}