{"id":7275,"date":"2026-04-29T06:32:32","date_gmt":"2026-04-29T09:32:32","guid":{"rendered":"https:\/\/vagas.portalemprego.com.br\/?p=7275"},"modified":"2026-04-29T06:32:32","modified_gmt":"2026-04-29T09:32:32","slug":"oficial-de-manutencao-civil-rio-de-janeiro-construcao-manutencao-rio-de-janeiro","status":"publish","type":"post","link":"https:\/\/vagas.portalemprego.com.br\/?p=7275","title":{"rendered":"Oficial de Manuten\u00e7\u00e3o Civil | Rio de Janeiro &#8211; Constru\u00e7\u00e3o, Manuten\u00e7\u00e3o &#8211; Rio de Janeiro"},"content":{"rendered":"<p>Estamos \u00e0 procura de um talentoso profissional com s\u00f3lida experi\u00eancia de 2  anos na execu\u00e7\u00e3o de manuten\u00e7\u00e3o predial civil e hidr\u00e1ulica. Se voc\u00ea \u00e9 especializado em manuten\u00e7\u00e3o preventiva e corretiva de natureza simples, esta pode ser a oportunidade ideal para voc\u00ea.<\/p>\n<p>Responsabilidades:<br \/>\n&#8211; Executar manuten\u00e7\u00e3o civil e hidr\u00e1ulica, incluindo ajustes em azulejos, pisos e carpetes.<br \/>\n&#8211; Realizar retoques de pintura para manter a est\u00e9tica das instala\u00e7\u00f5es.<br \/>\n&#8211; Conduzir reparos em vazamentos hidr\u00e1ulicos, garantindo a integridade das instala\u00e7\u00f5es.<br \/>\n&#8211; Realizar pequenos reparos em marcenaria\/mobili\u00e1rio para garantir o bom estado e funcionamento.<\/p>\n<p>Requisitos:<br \/>\n&#8211; Experi\u00eancia comprovada de 2 anos em manuten\u00e7\u00e3o predial.<br \/>\n&#8211; Conhecimentos s\u00f3lidos em manuten\u00e7\u00e3o civil e hidr\u00e1ulica.<br \/>\n&#8211; Habilidade em ajustes de azulejos, pisos, carpetes e retoque de pintura.<br \/>\n&#8211; Capacidade para realizar reparos em vazamentos hidr\u00e1ulicos e marcenaria.<\/p>\n<ul>\n<li>Local de trabalho: Rio de Janeiro, RJ<\/li>\n<li>Regime de contrata\u00e7\u00e3o de tipo: Efetivo \u2013 CLT<\/li>\n<li>Jornada: Noturno<\/li>\n<li>\u00c1rea e especializa\u00e7\u00e3o profissional: Constru\u00e7\u00e3o, Manuten\u00e7\u00e3o &#8211; Manuten\u00e7\u00e3o e Instala\u00e7\u00f5es<\/li>\n<li>N\u00edvel hier\u00e1rquico: Operacional<\/li>\n<\/ul>\n<p>VALORIZADO<\/p>\n<p>Tempo de experi\u00eancia: Entre 1 e 3 anos<\/p>\n<p>Escolaridade M\u00ednima: Curso T\u00e9cnico<\/p>\n<p>Sal\u00e1rio: 2235,57<\/p>\n","protected":false},"excerpt":{"rendered":"<p>Estamos \u00e0 procura de um talentoso profissional com s\u00f3lida experi\u00eancia de 2 anos na execu\u00e7\u00e3o de manuten\u00e7\u00e3o predial civil e hidr\u00e1ulica. Se voc\u00ea \u00e9 especializado em manuten\u00e7\u00e3o preventiva e corretiva de natureza simples, esta pode ser a oportunidade ideal para voc\u00ea. Responsabilidades: &#8211; Executar manuten\u00e7\u00e3o civil e hidr\u00e1ulica, incluindo ajustes em azulejos, pisos e carpetes. [&hellip;]<\/p>\n","protected":false},"author":1,"featured_media":0,"comment_status":"open","ping_status":"open","sticky":false,"template":"","format":"standard","meta":{"footnotes":""},"categories":[21],"tags":[],"class_list":["post-7275","post","type-post","status-publish","format-standard","hentry","category-rio-de-janeiro-rj"],"_links":{"self":[{"href":"https:\/\/vagas.portalemprego.com.br\/index.php?rest_route=\/wp\/v2\/posts\/7275","targetHints":{"allow":["GET"]}}],"collection":[{"href":"https:\/\/vagas.portalemprego.com.br\/index.php?rest_route=\/wp\/v2\/posts"}],"about":[{"href":"https:\/\/vagas.portalemprego.com.br\/index.php?rest_route=\/wp\/v2\/types\/post"}],"author":[{"embeddable":true,"href":"https:\/\/vagas.portalemprego.com.br\/index.php?rest_route=\/wp\/v2\/users\/1"}],"replies":[{"embeddable":true,"href":"https:\/\/vagas.portalemprego.com.br\/index.php?rest_route=%2Fwp%2Fv2%2Fcomments&post=7275"}],"version-history":[{"count":0,"href":"https:\/\/vagas.portalemprego.com.br\/index.php?rest_route=\/wp\/v2\/posts\/7275\/revisions"}],"wp:attachment":[{"href":"https:\/\/vagas.portalemprego.com.br\/index.php?rest_route=%2Fwp%2Fv2%2Fmedia&parent=7275"}],"wp:term":[{"taxonomy":"category","embeddable":true,"href":"https:\/\/vagas.portalemprego.com.br\/index.php?rest_route=%2Fwp%2Fv2%2Fcategories&post=7275"},{"taxonomy":"post_tag","embeddable":true,"href":"https:\/\/vagas.portalemprego.com.br\/index.php?rest_route=%2Fwp%2Fv2%2Ftags&post=7275"}],"curies":[{"name":"wp","href":"https:\/\/api.w.org\/{rel}","templated":true}]}}