{"id":7280,"date":"2026-04-29T06:32:32","date_gmt":"2026-04-29T09:32:32","guid":{"rendered":"https:\/\/vagas.portalemprego.com.br\/?p=7280"},"modified":"2026-04-29T06:32:32","modified_gmt":"2026-04-29T09:32:32","slug":"supervisor-de-manutencao-construcao-manutencao-rio-de-janeiro-9","status":"publish","type":"post","link":"https:\/\/vagas.portalemprego.com.br\/?p=7280","title":{"rendered":"SUPERVISOR DE MANUTEN\u00c7\u00c3O &#8211; Constru\u00e7\u00e3o, Manuten\u00e7\u00e3o &#8211; Rio de Janeiro"},"content":{"rendered":"<p>PLANEJAR AS ATIVIDADES DAS PARADAS EL\u00c9TRICAS<br \/>\nREALIZAR VISITA NAS EMP\u00b4S, \u00cdONS E SITES DE CONTING\u00caNCIAS<br \/>\nSOLICITAR LIBERA\u00c7\u00d5ES DE ACESSOS DOS MANTENEDORES E EQUIPE CONBRAS, NOS SITES DE CONTIG\u00caNCIAS<br \/>\nRESPONDER E-MAILS DOS FORNECEDORES, MANTENEDORES E O CLIENTE<br \/>\nACOMPANHAR JUNTAMENTE COM O TIME DE PLANEJAMENTO DE MANUTEN\u00c7\u00c3O A BAIXA DAS ORDENS DE SERVI\u00c7OS<br \/>\nACOMPANHAR A FREQU\u00caNCIA DA EQUIPE NOS PLANT\u00d5ES E ENCAMINHAR AO RH FALTAS, ATRASOS E ATESTADOS M\u00c9DICOS<br \/>\nDIRECIONAR A EQUIPE DOS ELETRICISTAS VOLANTES AOS SITES DE CONTIG\u00caNCIAS, PARA ACOMPANHAMENTO DE TERCEIROS<br \/>\nENCAMINHAR MENSALMENTE PROGRAMA\u00c7\u00c3O DE F\u00c9RIAS<br \/>\nPROGRAMAR AS COBERTURAS DE F\u00c9RIAS<br \/>\nLEVANTAR A POSSIBILIDADE DE MELHORIA DAS INSTALA\u00c7\u00d5ES, VISANDO A ECONOMIA DO CLIENTE<br \/>\nCOMUNICAR NO GRUPO DE MISS\u00c3O CRITICA, AS OCORR\u00caNCIAS: QUEDA DE ENERGIA, PARTIDA DOS GERADORES PREVENTIVAMENTE E<br \/>\nSINISTROS CASO VENHA OCORRER NOS PR\u00c9DIOS DE CONTIG\u00caNCIAS E FLFC<br \/>\nACOMPANHAR O CRONOGRAMA MENSAL DAS MANUTEN\u00c7\u00d5ES PREVENTIVAS DOS MANTENEDORES DOS SITES<br \/>\nCONFERIR RELAT\u00d3RIOS EMITIDOS PELOS OS MANTENEDORES, SOLICITAR OS MANTENEDORES OS OR\u00c7AMENTOS PARA TROCA DE<br \/>\nPE\u00c7AS PARA ITENS APONTADOS NOS RELAT\u00d3RIOS.<br \/>\nINSPECIONAR OS CADERNOS DE INSPE\u00c7\u00d5ES NAS SALAS T\u00c9CNICAS<br \/>\nCHECK-LIST DAS INSTALA\u00c7\u00d5ES<br \/>\nPROGRAMAR OS SERVI\u00c7OS A SEREM EXECUTADOS NO FINAL DE SEMANA<br \/>\nCOMUNICAR AO HELD DESK O FEEDBACK DAS ATIVIDADES EXECUTADAS NO FINAL DE SEMANA<br \/>\nREALIZAR PEDIDO DE COMPRA PARA COMPOSI\u00c7\u00c3O DE ESTOQUE, E PEDIDOS PONTUAIS PARA MANUTEN\u00c7\u00c3O CORRETIVAS E<br \/>\nPREVENTIVAS.<br \/>\nREALIZAR REUNI\u00c3O MENSAL DE SEGURAN\u00c7A<br \/>\nREALIZAR OS DCS E ALERTAS PREVENTIVAS | ATE &#8211; QUANDO HOUVER A NECESSIDADE DE UM TRABALHO ONDE O RISCO SEJA EMINENTE<br \/>\nENCAMINHAR MATERIAIS EL\u00c9TRICOS PARA ATENDER AS DEMANDAS DOS SITES DE CONTIG\u00caNCIAS<\/p>\n<ul>\n<li>Local de trabalho: Rio de Janeiro, RJ<\/li>\n<li>Regime de contrata\u00e7\u00e3o de tipo: Efetivo \u2013 CLT<\/li>\n<li>Jornada: Per\u00edodo Integral<\/li>\n<li>\u00c1rea e especializa\u00e7\u00e3o profissional: Constru\u00e7\u00e3o, Manuten\u00e7\u00e3o &#8211; Manuten\u00e7\u00e3o em Geral<\/li>\n<li>N\u00edvel hier\u00e1rquico: Supervisor<\/li>\n<\/ul>\n<p>VALORIZADO<\/p>\n<p>Tempo de experi\u00eancia: Entre 1 e 3 anos<\/p>\n<p>Escolaridade M\u00ednima: Ensino Superior<\/p>\n<ul>\n<li>Vale-alimenta\u00e7\u00e3o<\/li>\n<li>Vale-refei\u00e7\u00e3o<\/li>\n<li>Vale-transporte<\/li>\n<li>Assist\u00eancia m\u00e9dica<\/li>\n<li>Assist\u00eancia odontol\u00f3gica<\/li>\n<\/ul>\n<p>Sal\u00e1rio: 4923,0<\/p>\n","protected":false},"excerpt":{"rendered":"<p>PLANEJAR AS ATIVIDADES DAS PARADAS EL\u00c9TRICAS REALIZAR VISITA NAS EMP\u00b4S, \u00cdONS E SITES DE CONTING\u00caNCIAS SOLICITAR LIBERA\u00c7\u00d5ES DE ACESSOS DOS MANTENEDORES E EQUIPE CONBRAS, NOS SITES DE CONTIG\u00caNCIAS RESPONDER E-MAILS DOS FORNECEDORES, MANTENEDORES E O CLIENTE ACOMPANHAR JUNTAMENTE COM O TIME DE PLANEJAMENTO DE MANUTEN\u00c7\u00c3O A BAIXA DAS ORDENS DE SERVI\u00c7OS ACOMPANHAR A FREQU\u00caNCIA DA [&hellip;]<\/p>\n","protected":false},"author":1,"featured_media":0,"comment_status":"open","ping_status":"open","sticky":false,"template":"","format":"standard","meta":{"footnotes":""},"categories":[21],"tags":[],"class_list":["post-7280","post","type-post","status-publish","format-standard","hentry","category-rio-de-janeiro-rj"],"_links":{"self":[{"href":"https:\/\/vagas.portalemprego.com.br\/index.php?rest_route=\/wp\/v2\/posts\/7280","targetHints":{"allow":["GET"]}}],"collection":[{"href":"https:\/\/vagas.portalemprego.com.br\/index.php?rest_route=\/wp\/v2\/posts"}],"about":[{"href":"https:\/\/vagas.portalemprego.com.br\/index.php?rest_route=\/wp\/v2\/types\/post"}],"author":[{"embeddable":true,"href":"https:\/\/vagas.portalemprego.com.br\/index.php?rest_route=\/wp\/v2\/users\/1"}],"replies":[{"embeddable":true,"href":"https:\/\/vagas.portalemprego.com.br\/index.php?rest_route=%2Fwp%2Fv2%2Fcomments&post=7280"}],"version-history":[{"count":0,"href":"https:\/\/vagas.portalemprego.com.br\/index.php?rest_route=\/wp\/v2\/posts\/7280\/revisions"}],"wp:attachment":[{"href":"https:\/\/vagas.portalemprego.com.br\/index.php?rest_route=%2Fwp%2Fv2%2Fmedia&parent=7280"}],"wp:term":[{"taxonomy":"category","embeddable":true,"href":"https:\/\/vagas.portalemprego.com.br\/index.php?rest_route=%2Fwp%2Fv2%2Fcategories&post=7280"},{"taxonomy":"post_tag","embeddable":true,"href":"https:\/\/vagas.portalemprego.com.br\/index.php?rest_route=%2Fwp%2Fv2%2Ftags&post=7280"}],"curies":[{"name":"wp","href":"https:\/\/api.w.org\/{rel}","templated":true}]}}