{"id":7285,"date":"2026-04-29T06:33:33","date_gmt":"2026-04-29T09:33:33","guid":{"rendered":"https:\/\/vagas.portalemprego.com.br\/?p=7285"},"modified":"2026-04-29T06:33:33","modified_gmt":"2026-04-29T09:33:33","slug":"oficial-de-manutencao-civil-construcao-manutencao-rio-de-janeiro-5","status":"publish","type":"post","link":"https:\/\/vagas.portalemprego.com.br\/?p=7285","title":{"rendered":"Oficial de Manuten\u00e7\u00e3o Civil &#8211; Constru\u00e7\u00e3o, Manuten\u00e7\u00e3o &#8211; Rio de Janeiro"},"content":{"rendered":"<p>Experi\u00eancia na execu\u00e7\u00e3o da manuten\u00e7\u00e3o predial civil e hidr\u00e1ulica .<br \/>\nFundamental completo. No\u00e7\u00f5es e experi\u00eancias anteriores nas fun\u00e7\u00f5es (instala\u00e7\u00f5es el\u00e9tricas, pintura, reparos de<br \/>\nconstru\u00e7\u00e3o civil, marcenaria, serralheria). Conhecimento e capacidade para relacionar materiais e ferramentas para execu\u00e7\u00e3o das atividades descritas.<br \/>\nOrganiza\u00e7\u00e3o, relacionamento interpessoal, boa flu\u00eancia verbal e escrita, cordialidade, iniciativa e flexibilidade.<br \/>\nNecess\u00e1ria forma\u00e7\u00e3o t\u00e9cnica ou profissionalizante em pelo menos uma das \u00e1reas: el\u00e9trica, eletr\u00f4nica, mec\u00e2nica, eletrot\u00e9cnica&#8221;&#8221;Realizar manuten\u00e7\u00e3o<br \/>\ncorretiva e preventiva na \u00e1rea civil: consertos de portas, pinturas, alvenaria, azulejo, gesso, divis\u00f3rias, consertos de cadeiras, mesas, arm\u00e1rios,<br \/>\nregulagem de pisos de placas, carpetes e persianas; Desentupimentos e manuten\u00e7\u00e3o hidr\u00e1ulica e Solicitar ao usu\u00e1rio a aprova\u00e7\u00e3o da ordem de servi\u00e7o<br \/>\nexecutada, encaminhando posteriormente para o controle do almoxarifado dos servi\u00e7os executados; Realizar rondas e operar sistema el\u00e9trico e<br \/>\nequipamentos de fornecimento de energia segura (Geradores e Nobreaks); Executar a manuten\u00e7\u00e3o preventiva e corretiva de equipamentos de sistemas<br \/>\nel\u00e9tricos de pot\u00eancia de baixa tens\u00e3o tais como quadros de distribui\u00e7\u00e3o, comandos, motores el\u00e9tricos e transformadores de baixa tens\u00e3o; Realizar<br \/>\nmanuten\u00e7\u00e3o nas redes el\u00e9tricas internas de distribui\u00e7\u00e3o: Tomadas e Ilumina\u00e7\u00e3o e Realizar rondas nas instala\u00e7\u00f5es do sistema de ar condicionado e<br \/>\nEfetuar manuten\u00e7\u00e3o preventiva e corretiva, assegurando seu funcionamento e conforto dos usu\u00e1rios. Respons\u00e1vel pela manuten\u00e7\u00e3o de limpeza e<br \/>\norganiza\u00e7\u00e3o das \u00e1reas de trabalho<\/p>\n<ul>\n<li>Local de trabalho: Rio de Janeiro, RJ<\/li>\n<li>Regime de contrata\u00e7\u00e3o de tipo: Efetivo \u2013 CLT<\/li>\n<li>Jornada: Per\u00edodo Integral<\/li>\n<li>\u00c1rea e especializa\u00e7\u00e3o profissional: Constru\u00e7\u00e3o, Manuten\u00e7\u00e3o &#8211; Manuten\u00e7\u00e3o em Geral<\/li>\n<li>N\u00edvel hier\u00e1rquico: Assistente<\/li>\n<\/ul>\n<p>VALORIZADO<\/p>\n<p>Tempo de experi\u00eancia: Entre 1 e 3 anos<\/p>\n<p>Escolaridade M\u00ednima: Curso extra-curricular \/ Profissionalizante<\/p>\n<ul>\n<li>Assist\u00eancia odontol\u00f3gica<\/li>\n<li>Assist\u00eancia m\u00e9dica<\/li>\n<li>Vale-alimenta\u00e7\u00e3o<\/li>\n<li>Vale-refei\u00e7\u00e3o<\/li>\n<li>Vale-transporte<\/li>\n<\/ul>\n<p>Sal\u00e1rio: 2100,0<\/p>\n","protected":false},"excerpt":{"rendered":"<p>Experi\u00eancia na execu\u00e7\u00e3o da manuten\u00e7\u00e3o predial civil e hidr\u00e1ulica . Fundamental completo. No\u00e7\u00f5es e experi\u00eancias anteriores nas fun\u00e7\u00f5es (instala\u00e7\u00f5es el\u00e9tricas, pintura, reparos de constru\u00e7\u00e3o civil, marcenaria, serralheria). Conhecimento e capacidade para relacionar materiais e ferramentas para execu\u00e7\u00e3o das atividades descritas. Organiza\u00e7\u00e3o, relacionamento interpessoal, boa flu\u00eancia verbal e escrita, cordialidade, iniciativa e flexibilidade. Necess\u00e1ria forma\u00e7\u00e3o t\u00e9cnica [&hellip;]<\/p>\n","protected":false},"author":1,"featured_media":0,"comment_status":"open","ping_status":"open","sticky":false,"template":"","format":"standard","meta":{"footnotes":""},"categories":[21],"tags":[],"class_list":["post-7285","post","type-post","status-publish","format-standard","hentry","category-rio-de-janeiro-rj"],"_links":{"self":[{"href":"https:\/\/vagas.portalemprego.com.br\/index.php?rest_route=\/wp\/v2\/posts\/7285","targetHints":{"allow":["GET"]}}],"collection":[{"href":"https:\/\/vagas.portalemprego.com.br\/index.php?rest_route=\/wp\/v2\/posts"}],"about":[{"href":"https:\/\/vagas.portalemprego.com.br\/index.php?rest_route=\/wp\/v2\/types\/post"}],"author":[{"embeddable":true,"href":"https:\/\/vagas.portalemprego.com.br\/index.php?rest_route=\/wp\/v2\/users\/1"}],"replies":[{"embeddable":true,"href":"https:\/\/vagas.portalemprego.com.br\/index.php?rest_route=%2Fwp%2Fv2%2Fcomments&post=7285"}],"version-history":[{"count":0,"href":"https:\/\/vagas.portalemprego.com.br\/index.php?rest_route=\/wp\/v2\/posts\/7285\/revisions"}],"wp:attachment":[{"href":"https:\/\/vagas.portalemprego.com.br\/index.php?rest_route=%2Fwp%2Fv2%2Fmedia&parent=7285"}],"wp:term":[{"taxonomy":"category","embeddable":true,"href":"https:\/\/vagas.portalemprego.com.br\/index.php?rest_route=%2Fwp%2Fv2%2Fcategories&post=7285"},{"taxonomy":"post_tag","embeddable":true,"href":"https:\/\/vagas.portalemprego.com.br\/index.php?rest_route=%2Fwp%2Fv2%2Ftags&post=7285"}],"curies":[{"name":"wp","href":"https:\/\/api.w.org\/{rel}","templated":true}]}}