{"id":7286,"date":"2026-04-29T06:33:33","date_gmt":"2026-04-29T09:33:33","guid":{"rendered":"https:\/\/vagas.portalemprego.com.br\/?p=7286"},"modified":"2026-04-29T06:33:33","modified_gmt":"2026-04-29T09:33:33","slug":"mecanico-de-refrigeracao-construcao-manutencao-campos-dos-goytacazes","status":"publish","type":"post","link":"https:\/\/vagas.portalemprego.com.br\/?p=7286","title":{"rendered":"Mec\u00e2nico de Refrigera\u00e7\u00e3o &#8211; Constru\u00e7\u00e3o, Manuten\u00e7\u00e3o &#8211; Campos dos Goytacazes"},"content":{"rendered":"<p>Ar condicionado: &#8211; Atividades: execu\u00e7\u00e3o de manuten\u00e7\u00f5es preventivas, corretivas, instala\u00e7\u00f5es e desativa\u00e7\u00f5es;<\/p>\n<p>Civ\u00edl: &#8211; Experi\u00eancia com pequenos reparos em alvenaria, massa corrida, pintura, drywall, rejuntes, impermeabiliza\u00e7\u00f5es, troca de telhas, reparos em mobili\u00e1rios, troca de rodinhas em cadeiras, instala\u00e7\u00e3o de pezinhos em mesas, reapertos de pe\u00e7as, desobstru\u00e7\u00e3o de vasos sanit\u00e1rios, troca de ferragens hidr\u00e1ulicas, reparos em tubula\u00e7\u00f5es hidr\u00e1ulicas, etc. &#8211;<\/p>\n<p>Atividades: execu\u00e7\u00e3o de rondas di\u00e1rias, manuten\u00e7\u00f5es preventivas, corretivas, instala\u00e7\u00f5es e desativa\u00e7\u00f5es;&#8221; &#8220;Experi\u00eancia com self contained, fancoils, splits, cassetes, ACJs e seus respectivos comandos el\u00e9tricos, inclusive sistemas de calefa\u00e7\u00e3o e termostatos anal\u00f3gicos e digitais; &#8211; Atividades: execu\u00e7\u00e3o de manuten\u00e7\u00f5es preventivas, corretivas, instala\u00e7\u00f5es e desativa\u00e7\u00f5es;<\/p>\n<p>El\u00e9trica: &#8211; Experi\u00eancia em comandos el\u00e9tricos, circuitos de ilumina\u00e7\u00e3o, circuitos de tomadas, circuitos de bombas el\u00e9tricas, circuitos de ar condicionado;&#8221;<\/p>\n<p>Tipo de vaga: Efetivo CLT<\/p>\n<ul>\n<li>Local de trabalho: Campos dos Goytacazes, RJ<\/li>\n<li>Regime de contrata\u00e7\u00e3o de tipo: Efetivo \u2013 CLT<\/li>\n<li>Jornada: Per\u00edodo Integral<\/li>\n<li>\u00c1rea e especializa\u00e7\u00e3o profissional: Constru\u00e7\u00e3o, Manuten\u00e7\u00e3o &#8211; Instala\u00e7\u00f5es em Geral<\/li>\n<li>N\u00edvel hier\u00e1rquico: Assistente<\/li>\n<\/ul>\n<p>VALORIZADO<\/p>\n<p>Tempo de experi\u00eancia: Entre 1 e 3 anos<\/p>\n<p>Escolaridade M\u00ednima: Curso T\u00e9cnico<\/p>\n<ul>\n<li>Vale-transporte<\/li>\n<li>Vale-refei\u00e7\u00e3o<\/li>\n<li>Vale-alimenta\u00e7\u00e3o<\/li>\n<\/ul>\n<p>Sal\u00e1rio: 2474,0<\/p>\n","protected":false},"excerpt":{"rendered":"<p>Ar condicionado: &#8211; Atividades: execu\u00e7\u00e3o de manuten\u00e7\u00f5es preventivas, corretivas, instala\u00e7\u00f5es e desativa\u00e7\u00f5es; Civ\u00edl: &#8211; Experi\u00eancia com pequenos reparos em alvenaria, massa corrida, pintura, drywall, rejuntes, impermeabiliza\u00e7\u00f5es, troca de telhas, reparos em mobili\u00e1rios, troca de rodinhas em cadeiras, instala\u00e7\u00e3o de pezinhos em mesas, reapertos de pe\u00e7as, desobstru\u00e7\u00e3o de vasos sanit\u00e1rios, troca de ferragens hidr\u00e1ulicas, reparos em [&hellip;]<\/p>\n","protected":false},"author":1,"featured_media":0,"comment_status":"open","ping_status":"open","sticky":false,"template":"","format":"standard","meta":{"footnotes":""},"categories":[21],"tags":[],"class_list":["post-7286","post","type-post","status-publish","format-standard","hentry","category-rio-de-janeiro-rj"],"_links":{"self":[{"href":"https:\/\/vagas.portalemprego.com.br\/index.php?rest_route=\/wp\/v2\/posts\/7286","targetHints":{"allow":["GET"]}}],"collection":[{"href":"https:\/\/vagas.portalemprego.com.br\/index.php?rest_route=\/wp\/v2\/posts"}],"about":[{"href":"https:\/\/vagas.portalemprego.com.br\/index.php?rest_route=\/wp\/v2\/types\/post"}],"author":[{"embeddable":true,"href":"https:\/\/vagas.portalemprego.com.br\/index.php?rest_route=\/wp\/v2\/users\/1"}],"replies":[{"embeddable":true,"href":"https:\/\/vagas.portalemprego.com.br\/index.php?rest_route=%2Fwp%2Fv2%2Fcomments&post=7286"}],"version-history":[{"count":0,"href":"https:\/\/vagas.portalemprego.com.br\/index.php?rest_route=\/wp\/v2\/posts\/7286\/revisions"}],"wp:attachment":[{"href":"https:\/\/vagas.portalemprego.com.br\/index.php?rest_route=%2Fwp%2Fv2%2Fmedia&parent=7286"}],"wp:term":[{"taxonomy":"category","embeddable":true,"href":"https:\/\/vagas.portalemprego.com.br\/index.php?rest_route=%2Fwp%2Fv2%2Fcategories&post=7286"},{"taxonomy":"post_tag","embeddable":true,"href":"https:\/\/vagas.portalemprego.com.br\/index.php?rest_route=%2Fwp%2Fv2%2Ftags&post=7286"}],"curies":[{"name":"wp","href":"https:\/\/api.w.org\/{rel}","templated":true}]}}