{"id":7393,"date":"2026-04-29T06:57:57","date_gmt":"2026-04-29T09:57:57","guid":{"rendered":"https:\/\/vagas.portalemprego.com.br\/?p=7393"},"modified":"2026-04-29T06:57:57","modified_gmt":"2026-04-29T09:57:57","slug":"analista-de-rh-buzios-armacao-dos-buzios","status":"publish","type":"post","link":"https:\/\/vagas.portalemprego.com.br\/?p=7393","title":{"rendered":"ANALISTA DE RH &#8211; BUZIOS &#8211; Arma\u00e7\u00e3o dos B\u00fazios"},"content":{"rendered":"<p><\/p>\n<p>Principais atribui\u00e7\u00f5es:<\/p>\n<p>Conhecimento dos subsistemas de RH<\/p>\n<p>Recrutamento e Sele\u00e7\u00e3o<\/p>\n<p>A\u00e7\u00f5es de endomarketing<\/p>\n<p>Atendimento aos colaboradores<\/p>\n<p>Treinamento e controle de indicadores<\/p>\n<p>Requisitos obrigat\u00f3rios:<\/p>\n<p>Ensino Superior Completo<\/p>\n<p>Disponibilidade de hor\u00e1rio<\/p>\n<p>Conhecimento em Excel<\/p>\n<p><\/p>\n<p>Requisitos desej\u00e1veis(diferencial):<\/p>\n<ul>\n<li>Experi\u00eancia no Varejo<\/li>\n<\/ul>\n<p>Benef\u00edcios:<\/p>\n<ul>\n<li>Assist\u00eancia m\u00e9dica<\/li>\n<li>Assist\u00eancia odontol\u00f3gica<\/li>\n<li>Seguro de vida<\/li>\n<li>Alimenta\u00e7\u00e3o no local<\/li>\n<li>Vale-transporte<\/li>\n<li>Presen\u00e7a Premiada<\/li>\n<li>Conv\u00eanio com Farm\u00e1cia<\/li>\n<li>Conv\u00eanio com academias<\/li>\n<\/ul>\n<p><\/p>\n<p><\/p>\n","protected":false},"excerpt":{"rendered":"<p>Principais atribui\u00e7\u00f5es: Conhecimento dos subsistemas de RH Recrutamento e Sele\u00e7\u00e3o A\u00e7\u00f5es de endomarketing Atendimento aos colaboradores Treinamento e controle de indicadores Requisitos obrigat\u00f3rios: Ensino Superior Completo Disponibilidade de hor\u00e1rio Conhecimento em Excel Requisitos desej\u00e1veis(diferencial): Experi\u00eancia no Varejo Benef\u00edcios: Assist\u00eancia m\u00e9dica Assist\u00eancia odontol\u00f3gica Seguro de vida Alimenta\u00e7\u00e3o no local Vale-transporte Presen\u00e7a Premiada Conv\u00eanio com Farm\u00e1cia Conv\u00eanio [&hellip;]<\/p>\n","protected":false},"author":1,"featured_media":0,"comment_status":"open","ping_status":"open","sticky":false,"template":"","format":"standard","meta":{"footnotes":""},"categories":[21],"tags":[],"class_list":["post-7393","post","type-post","status-publish","format-standard","hentry","category-rio-de-janeiro-rj"],"_links":{"self":[{"href":"https:\/\/vagas.portalemprego.com.br\/index.php?rest_route=\/wp\/v2\/posts\/7393","targetHints":{"allow":["GET"]}}],"collection":[{"href":"https:\/\/vagas.portalemprego.com.br\/index.php?rest_route=\/wp\/v2\/posts"}],"about":[{"href":"https:\/\/vagas.portalemprego.com.br\/index.php?rest_route=\/wp\/v2\/types\/post"}],"author":[{"embeddable":true,"href":"https:\/\/vagas.portalemprego.com.br\/index.php?rest_route=\/wp\/v2\/users\/1"}],"replies":[{"embeddable":true,"href":"https:\/\/vagas.portalemprego.com.br\/index.php?rest_route=%2Fwp%2Fv2%2Fcomments&post=7393"}],"version-history":[{"count":0,"href":"https:\/\/vagas.portalemprego.com.br\/index.php?rest_route=\/wp\/v2\/posts\/7393\/revisions"}],"wp:attachment":[{"href":"https:\/\/vagas.portalemprego.com.br\/index.php?rest_route=%2Fwp%2Fv2%2Fmedia&parent=7393"}],"wp:term":[{"taxonomy":"category","embeddable":true,"href":"https:\/\/vagas.portalemprego.com.br\/index.php?rest_route=%2Fwp%2Fv2%2Fcategories&post=7393"},{"taxonomy":"post_tag","embeddable":true,"href":"https:\/\/vagas.portalemprego.com.br\/index.php?rest_route=%2Fwp%2Fv2%2Ftags&post=7393"}],"curies":[{"name":"wp","href":"https:\/\/api.w.org\/{rel}","templated":true}]}}