{"id":7414,"date":"2026-04-29T06:58:58","date_gmt":"2026-04-29T09:58:58","guid":{"rendered":"https:\/\/vagas.portalemprego.com.br\/?p=7414"},"modified":"2026-04-29T06:58:58","modified_gmt":"2026-04-29T09:58:58","slug":"dom-encarregado-de-pereciveis-armacao-dos-buzios","status":"publish","type":"post","link":"https:\/\/vagas.portalemprego.com.br\/?p=7414","title":{"rendered":"DOM &#8211; ENCARREGADO DE PERECIVEIS &#8211; Arma\u00e7\u00e3o dos B\u00fazios"},"content":{"rendered":"<p>Sobre a vaga:<\/p>\n<p>O Encarregado de Perec\u00edveis \u00e9 respons\u00e1vel por supervisionar e gerenciar<br \/>\n  o setor de produtos perec\u00edveis como carnes, latic\u00ednios e padaria, garantindo<br \/>\n  o abastecimento adequado de produtos, bem como sua precifica\u00e7\u00e3o.<\/p>\n<p><\/p>\n<p>Principais atribui\u00e7\u00f5es:<\/p>\n<p>Gerenciar a<br \/>\nequipe de funcion\u00e1rios respons\u00e1veis pelos produtos perec\u00edveis;<\/p>\n<p>Garantir o<br \/>\ncorreto armazenamento e exposi\u00e7\u00e3o dos produtos;<\/p>\n<p>Monitorar a<br \/>\nqualidade e validade dos produtos perec\u00edveis;<\/p>\n<p>Realizar pedidos<br \/>\nde reposi\u00e7\u00e3o de estoque quando necess\u00e1rio;<\/p>\n<p>Cumprir rigorosamente as normas de seguran\u00e7a<br \/>\nalimentar.<\/p>\n<p><\/p>\n<p>Requisitos obrigat\u00f3rios:<\/p>\n<p>Experi\u00eancia<br \/>\npr\u00e9via em produtos perec\u00edveis ou varejo alimentar;<\/p>\n<p>Conhecimento de<br \/>\nnormas de seguran\u00e7a alimentar;<\/p>\n<p>Boas habilidades<br \/>\nde lideran\u00e7a e comunica\u00e7\u00e3o;<\/p>\n<p>Capacidade de<br \/>\norganiza\u00e7\u00e3o e gerenciamento de estoque;<\/p>\n<p>Aten\u00e7\u00e3o aos detalhes e cuidado com produtos<br \/>\nperec\u00edveis.<\/p>\n<p><\/p>\n<p>Requisitos desej\u00e1veis(diferencial):<\/p>\n<p><\/p>\n<p>Benef\u00edcios:<\/p>\n<ul>\n<li>Presen\u00e7a Premiada<\/li>\n<\/ul>\n<ul>\n<li>Plano de Sa\u00fade<\/li>\n<\/ul>\n<ul>\n<li>Plano Odontol\u00f3gico<\/li>\n<\/ul>\n<ul>\n<li>Conv\u00eanio Educa\u00e7\u00e3o<\/li>\n<\/ul>\n<ul>\n<li>Alimenta\u00e7\u00e3o no Local<\/li>\n<\/ul>\n<ul>\n<li>Seguro de Vida<\/li>\n<\/ul>\n<ul>\n<li>Telemedicina<\/li>\n<\/ul>\n<ul>\n<li>Programa Vida Ativa<\/li>\n<\/ul>\n<ul>\n<li>Empr\u00e9stimo Consignado<\/li>\n<\/ul>\n<p>Jornada de trabalho e carga hor\u00e1ria:<\/p>\n<p>Hor\u00e1rio: 14h \u00e0s 22:20h<\/p>\n<p>Escala: 6&#215;1<\/p>\n<p>Lembrando: Aceitamos candidatos 50+ e PCD.<\/p>\n<p><\/p>\n","protected":false},"excerpt":{"rendered":"<p>Sobre a vaga: O Encarregado de Perec\u00edveis \u00e9 respons\u00e1vel por supervisionar e gerenciar o setor de produtos perec\u00edveis como carnes, latic\u00ednios e padaria, garantindo o abastecimento adequado de produtos, bem como sua precifica\u00e7\u00e3o. Principais atribui\u00e7\u00f5es: Gerenciar a equipe de funcion\u00e1rios respons\u00e1veis pelos produtos perec\u00edveis; Garantir o correto armazenamento e exposi\u00e7\u00e3o dos produtos; Monitorar a qualidade [&hellip;]<\/p>\n","protected":false},"author":1,"featured_media":0,"comment_status":"open","ping_status":"open","sticky":false,"template":"","format":"standard","meta":{"footnotes":""},"categories":[21],"tags":[],"class_list":["post-7414","post","type-post","status-publish","format-standard","hentry","category-rio-de-janeiro-rj"],"_links":{"self":[{"href":"https:\/\/vagas.portalemprego.com.br\/index.php?rest_route=\/wp\/v2\/posts\/7414","targetHints":{"allow":["GET"]}}],"collection":[{"href":"https:\/\/vagas.portalemprego.com.br\/index.php?rest_route=\/wp\/v2\/posts"}],"about":[{"href":"https:\/\/vagas.portalemprego.com.br\/index.php?rest_route=\/wp\/v2\/types\/post"}],"author":[{"embeddable":true,"href":"https:\/\/vagas.portalemprego.com.br\/index.php?rest_route=\/wp\/v2\/users\/1"}],"replies":[{"embeddable":true,"href":"https:\/\/vagas.portalemprego.com.br\/index.php?rest_route=%2Fwp%2Fv2%2Fcomments&post=7414"}],"version-history":[{"count":0,"href":"https:\/\/vagas.portalemprego.com.br\/index.php?rest_route=\/wp\/v2\/posts\/7414\/revisions"}],"wp:attachment":[{"href":"https:\/\/vagas.portalemprego.com.br\/index.php?rest_route=%2Fwp%2Fv2%2Fmedia&parent=7414"}],"wp:term":[{"taxonomy":"category","embeddable":true,"href":"https:\/\/vagas.portalemprego.com.br\/index.php?rest_route=%2Fwp%2Fv2%2Fcategories&post=7414"},{"taxonomy":"post_tag","embeddable":true,"href":"https:\/\/vagas.portalemprego.com.br\/index.php?rest_route=%2Fwp%2Fv2%2Ftags&post=7414"}],"curies":[{"name":"wp","href":"https:\/\/api.w.org\/{rel}","templated":true}]}}