{"id":7423,"date":"2026-04-29T06:58:58","date_gmt":"2026-04-29T09:58:58","guid":{"rendered":"https:\/\/vagas.portalemprego.com.br\/?p=7423"},"modified":"2026-04-29T06:58:58","modified_gmt":"2026-04-29T09:58:58","slug":"dom-vendedor-armacao-dos-buzios","status":"publish","type":"post","link":"https:\/\/vagas.portalemprego.com.br\/?p=7423","title":{"rendered":"DOM &#8211; VENDEDOR &#8211; Arma\u00e7\u00e3o dos B\u00fazios"},"content":{"rendered":"<p>Sobre a vaga:<\/p>\n<p>Respons\u00e1vel por realizar vendas para os clientes, realizando atendimentos e prospectando novos clientes para a organiza\u00e7\u00e3o.<\/p>\n<p>Principais atribui\u00e7\u00f5es:<\/p>\n<p>Realizar contato presencial ou telef\u00f4nico para clientes e potenciais<br \/>\nclientes;<\/p>\n<p>Apresentar os produtos e servi\u00e7os oferecidos pela organiza\u00e7\u00e3o de forma<br \/>\nclara e objetiva;<\/p>\n<p>Identificar as necessidades dos clientes e oferecer produtos que melhor<br \/>\nse adequem;<\/p>\n<p>Registrar as informa\u00e7\u00f5es de vendas realizadas no sistema;<\/p>\n<p>Cumprir metas de vendas estabelecidas pela empresa.<\/p>\n<p><\/p>\n<p>Requisitos obrigat\u00f3rios:<\/p>\n<p>Experi\u00eancia em vendas, presencial ou<br \/>\npor telefone;<\/p>\n<p>Habilidade em negocia\u00e7\u00e3o e persuas\u00e3o;<\/p>\n<p>Boa comunica\u00e7\u00e3o verbal e escrita;<\/p>\n<p>Conhecimentos b\u00e1sicos em inform\u00e1tica e<br \/>\ndigita\u00e7\u00e3o.<\/p>\n<p><\/p>\n<p>Requisitos desej\u00e1veis(diferencial):<\/p>\n<p><\/p>\n<p>Benef\u00edcios:<\/p>\n<ul>\n<li>Presen\u00e7a Premiada<\/li>\n<\/ul>\n<ul>\n<li>Plano de Sa\u00fade<\/li>\n<\/ul>\n<ul>\n<li>Plano Odontol\u00f3gico<\/li>\n<\/ul>\n<ul>\n<li>Conv\u00eanio Educa\u00e7\u00e3o<\/li>\n<\/ul>\n<ul>\n<li>Alimenta\u00e7\u00e3o no Local<\/li>\n<\/ul>\n<ul>\n<li>Seguro de Vida<\/li>\n<\/ul>\n<ul>\n<li>Telemedicina<\/li>\n<\/ul>\n<ul>\n<li>Programa Vida Ativa<\/li>\n<\/ul>\n<ul>\n<li>Empr\u00e9stimo Consignado<\/li>\n<\/ul>\n<p><\/p>\n<p>Jornada de trabalho e carga hor\u00e1ria:<\/p>\n<p>Hor\u00e1rio: 08:00h \u00e0s 18:00h<\/p>\n<p>Escala: 6&#215;1 ( Escala diferenciada aos s\u00e1bados)<\/p>\n<p>Lembrando: Aceitamos candidatos 50+ e PCD.<\/p>\n<p><\/p>\n","protected":false},"excerpt":{"rendered":"<p>Sobre a vaga: Respons\u00e1vel por realizar vendas para os clientes, realizando atendimentos e prospectando novos clientes para a organiza\u00e7\u00e3o. Principais atribui\u00e7\u00f5es: Realizar contato presencial ou telef\u00f4nico para clientes e potenciais clientes; Apresentar os produtos e servi\u00e7os oferecidos pela organiza\u00e7\u00e3o de forma clara e objetiva; Identificar as necessidades dos clientes e oferecer produtos que melhor se [&hellip;]<\/p>\n","protected":false},"author":1,"featured_media":0,"comment_status":"open","ping_status":"open","sticky":false,"template":"","format":"standard","meta":{"footnotes":""},"categories":[21],"tags":[],"class_list":["post-7423","post","type-post","status-publish","format-standard","hentry","category-rio-de-janeiro-rj"],"_links":{"self":[{"href":"https:\/\/vagas.portalemprego.com.br\/index.php?rest_route=\/wp\/v2\/posts\/7423","targetHints":{"allow":["GET"]}}],"collection":[{"href":"https:\/\/vagas.portalemprego.com.br\/index.php?rest_route=\/wp\/v2\/posts"}],"about":[{"href":"https:\/\/vagas.portalemprego.com.br\/index.php?rest_route=\/wp\/v2\/types\/post"}],"author":[{"embeddable":true,"href":"https:\/\/vagas.portalemprego.com.br\/index.php?rest_route=\/wp\/v2\/users\/1"}],"replies":[{"embeddable":true,"href":"https:\/\/vagas.portalemprego.com.br\/index.php?rest_route=%2Fwp%2Fv2%2Fcomments&post=7423"}],"version-history":[{"count":0,"href":"https:\/\/vagas.portalemprego.com.br\/index.php?rest_route=\/wp\/v2\/posts\/7423\/revisions"}],"wp:attachment":[{"href":"https:\/\/vagas.portalemprego.com.br\/index.php?rest_route=%2Fwp%2Fv2%2Fmedia&parent=7423"}],"wp:term":[{"taxonomy":"category","embeddable":true,"href":"https:\/\/vagas.portalemprego.com.br\/index.php?rest_route=%2Fwp%2Fv2%2Fcategories&post=7423"},{"taxonomy":"post_tag","embeddable":true,"href":"https:\/\/vagas.portalemprego.com.br\/index.php?rest_route=%2Fwp%2Fv2%2Ftags&post=7423"}],"curies":[{"name":"wp","href":"https:\/\/api.w.org\/{rel}","templated":true}]}}