{"id":7424,"date":"2026-04-29T06:58:58","date_gmt":"2026-04-29T09:58:58","guid":{"rendered":"https:\/\/vagas.portalemprego.com.br\/?p=7424"},"modified":"2026-04-29T06:58:58","modified_gmt":"2026-04-29T09:58:58","slug":"dom-fiscal-de-loja-mesquita","status":"publish","type":"post","link":"https:\/\/vagas.portalemprego.com.br\/?p=7424","title":{"rendered":"DOM &#8211; FISCAL DE LOJA &#8211; Mesquita"},"content":{"rendered":"<p>Descri\u00e7\u00e3o de Cargo: Fiscal de LojaDescri\u00e7\u00e3o de Cargo: Fiscal de LojaResponsabilidades:<\/p>\n<ul>\n<li>Monitorar a entrada e sa\u00edda de clientes e funcion\u00e1rios na loja.<\/li>\n<li>Prevenir furtos e danos aos produtos da loja.<\/li>\n<li>Realizar rondas peri\u00f3dicas no estabelecimento.<\/li>\n<li>Verificar o cumprimento das normas de seguran\u00e7a estabelecidas.<\/li>\n<li>Colaborar com a equipe de seguran\u00e7a em situa\u00e7\u00f5es de emerg\u00eancia.<\/li>\n<li>Reportar incidentes e irregularidades \u00e0 ger\u00eancia.<\/li>\n<\/ul>\n<p>Requisitos:<\/p>\n<ul>\n<li>Experi\u00eancia pr\u00e9via na \u00e1rea de seguran\u00e7a ou fiscaliza\u00e7\u00e3o.<\/li>\n<li>Conhecimento das leis e normas de seguran\u00e7a vigentes.<\/li>\n<li>Capacidade de atuar com discri\u00e7\u00e3o e controle emocional em situa\u00e7\u00f5es de conflito.<\/li>\n<li>Boa comunica\u00e7\u00e3o e habilidades interpessoais.<\/li>\n<li>Disponibilidade para trabalhar em hor\u00e1rios flex\u00edveis, incluindo finais de semana e feriados.<\/li>\n<\/ul>\n","protected":false},"excerpt":{"rendered":"<p>Descri\u00e7\u00e3o de Cargo: Fiscal de LojaDescri\u00e7\u00e3o de Cargo: Fiscal de LojaResponsabilidades: Monitorar a entrada e sa\u00edda de clientes e funcion\u00e1rios na loja. Prevenir furtos e danos aos produtos da loja. Realizar rondas peri\u00f3dicas no estabelecimento. Verificar o cumprimento das normas de seguran\u00e7a estabelecidas. Colaborar com a equipe de seguran\u00e7a em situa\u00e7\u00f5es de emerg\u00eancia. Reportar incidentes [&hellip;]<\/p>\n","protected":false},"author":1,"featured_media":0,"comment_status":"open","ping_status":"open","sticky":false,"template":"","format":"standard","meta":{"footnotes":""},"categories":[21],"tags":[],"class_list":["post-7424","post","type-post","status-publish","format-standard","hentry","category-rio-de-janeiro-rj"],"_links":{"self":[{"href":"https:\/\/vagas.portalemprego.com.br\/index.php?rest_route=\/wp\/v2\/posts\/7424","targetHints":{"allow":["GET"]}}],"collection":[{"href":"https:\/\/vagas.portalemprego.com.br\/index.php?rest_route=\/wp\/v2\/posts"}],"about":[{"href":"https:\/\/vagas.portalemprego.com.br\/index.php?rest_route=\/wp\/v2\/types\/post"}],"author":[{"embeddable":true,"href":"https:\/\/vagas.portalemprego.com.br\/index.php?rest_route=\/wp\/v2\/users\/1"}],"replies":[{"embeddable":true,"href":"https:\/\/vagas.portalemprego.com.br\/index.php?rest_route=%2Fwp%2Fv2%2Fcomments&post=7424"}],"version-history":[{"count":0,"href":"https:\/\/vagas.portalemprego.com.br\/index.php?rest_route=\/wp\/v2\/posts\/7424\/revisions"}],"wp:attachment":[{"href":"https:\/\/vagas.portalemprego.com.br\/index.php?rest_route=%2Fwp%2Fv2%2Fmedia&parent=7424"}],"wp:term":[{"taxonomy":"category","embeddable":true,"href":"https:\/\/vagas.portalemprego.com.br\/index.php?rest_route=%2Fwp%2Fv2%2Fcategories&post=7424"},{"taxonomy":"post_tag","embeddable":true,"href":"https:\/\/vagas.portalemprego.com.br\/index.php?rest_route=%2Fwp%2Fv2%2Ftags&post=7424"}],"curies":[{"name":"wp","href":"https:\/\/api.w.org\/{rel}","templated":true}]}}