{"id":7425,"date":"2026-04-29T06:25:25","date_gmt":"2026-04-29T09:25:25","guid":{"rendered":"https:\/\/vagas.portalemprego.com.br\/?p=7425"},"modified":"2026-04-29T06:25:25","modified_gmt":"2026-04-29T09:25:25","slug":"advogado-junior-rio-de-janeiro","status":"publish","type":"post","link":"https:\/\/vagas.portalemprego.com.br\/?p=7425","title":{"rendered":"Advogado Junior &#8211; Rio de Janeiro"},"content":{"rendered":"<p>Sobre a vaga:<\/p>\n<p>Buscamos um(a) Advogado(a) J\u00fanior para integrar nosso time jur\u00eddico interno, atuando no suporte \u00e0s demandas trabalhistas, c\u00edveis e administrativas da empresa, garantindo o cumprimento da legisla\u00e7\u00e3o vigente e contribuindo para a mitiga\u00e7\u00e3o de riscos jur\u00eddicos nas opera\u00e7\u00f5es da rede.<\/p>\n<p>Principais atribui\u00e7\u00f5es:<\/p>\n<ul>\n<li>Acompanhamento de processos trabalhistas e c\u00edveis;\n<\/li>\n<li>Suporte jur\u00eddico \u00e0s \u00e1reas internas (RH e Opera\u00e7\u00f5es);\n<\/li>\n<li>An\u00e1lise e elabora\u00e7\u00e3o de contratos;\n<\/li>\n<li>Controle de prazos e interface com escrit\u00f3rios parceiros;\n<\/li>\n<li>Atua\u00e7\u00e3o preventiva para mitiga\u00e7\u00e3o de riscos jur\u00eddicos.\n<\/li>\n<\/ul>\n<p><\/p>\n<p>Requisitos obrigat\u00f3rios:<\/p>\n<ul>\n<li>Gradua\u00e7\u00e3o completa em Direito;\n<\/li>\n<li>Registro ativo na OAB;\n<\/li>\n<li>Experi\u00eancia m\u00ednima de 1 ano na fun\u00e7\u00e3o;<\/li>\n<li>Experi\u00eancia com controle de prazos processuais;\n<\/li>\n<li>Pacote Office intermedi\u00e1rio.\n<\/li>\n<\/ul>\n<p><\/p>\n<p>Requisitos desej\u00e1veis(diferencial):<\/p>\n<ul>\n<li>Experi\u00eancia no setor supermercadista ou varejo;\n<\/li>\n<\/ul>\n<ul>\n<li>Viv\u00eancia com alto volume de demandas trabalhistas;\n<\/li>\n<\/ul>\n<ul>\n<li>Conhecimento em Direito do Consumidor;\n<\/li>\n<\/ul>\n<ul>\n<li>Conhecimento em Direito Empresarial;\n<\/li>\n<\/ul>\n<ul>\n<li>Experi\u00eancia com atua\u00e7\u00e3o preventiva em rotinas corporativas.<\/li>\n<\/ul>\n<p><\/p>\n<p>Benef\u00edcios:<\/p>\n<p>-Almo\u00e7o e lanche da tarde no local<\/p>\n<p>-Presen\u00e7a premiada: R$ 150,00<\/p>\n<p>-Plano de sa\u00fade Assim (com coparticipa\u00e7\u00e3o, 50% pago pelo colaborador)<\/p>\n<p>-Plano odontol\u00f3gico Bradesco<\/p>\n<p>-Seguro de vida<\/p>\n<p>-Aux\u00edlio funeral<\/p>\n<p>-Telemedicina<\/p>\n<p>-TotalPass e Gympass<\/p>\n<p>-Conv\u00eanios com universidades<\/p>\n<p>-Conv\u00eanios com SESC<\/p>\n<p>-Conv\u00eanios com Farm\u00e1cias<\/p>\n<p><\/p>\n<p>Jornada de trabalho e carga hor\u00e1ria:<\/p>\n<ul>\n<li>De segunda a sexta de 08:00 \u00e1s 18:00<\/li>\n<\/ul>\n<p><\/p>\n","protected":false},"excerpt":{"rendered":"<p>Sobre a vaga: Buscamos um(a) Advogado(a) J\u00fanior para integrar nosso time jur\u00eddico interno, atuando no suporte \u00e0s demandas trabalhistas, c\u00edveis e administrativas da empresa, garantindo o cumprimento da legisla\u00e7\u00e3o vigente e contribuindo para a mitiga\u00e7\u00e3o de riscos jur\u00eddicos nas opera\u00e7\u00f5es da rede. Principais atribui\u00e7\u00f5es: Acompanhamento de processos trabalhistas e c\u00edveis; Suporte jur\u00eddico \u00e0s \u00e1reas internas [&hellip;]<\/p>\n","protected":false},"author":1,"featured_media":0,"comment_status":"open","ping_status":"open","sticky":false,"template":"","format":"standard","meta":{"footnotes":""},"categories":[21],"tags":[],"class_list":["post-7425","post","type-post","status-publish","format-standard","hentry","category-rio-de-janeiro-rj"],"_links":{"self":[{"href":"https:\/\/vagas.portalemprego.com.br\/index.php?rest_route=\/wp\/v2\/posts\/7425","targetHints":{"allow":["GET"]}}],"collection":[{"href":"https:\/\/vagas.portalemprego.com.br\/index.php?rest_route=\/wp\/v2\/posts"}],"about":[{"href":"https:\/\/vagas.portalemprego.com.br\/index.php?rest_route=\/wp\/v2\/types\/post"}],"author":[{"embeddable":true,"href":"https:\/\/vagas.portalemprego.com.br\/index.php?rest_route=\/wp\/v2\/users\/1"}],"replies":[{"embeddable":true,"href":"https:\/\/vagas.portalemprego.com.br\/index.php?rest_route=%2Fwp%2Fv2%2Fcomments&post=7425"}],"version-history":[{"count":0,"href":"https:\/\/vagas.portalemprego.com.br\/index.php?rest_route=\/wp\/v2\/posts\/7425\/revisions"}],"wp:attachment":[{"href":"https:\/\/vagas.portalemprego.com.br\/index.php?rest_route=%2Fwp%2Fv2%2Fmedia&parent=7425"}],"wp:term":[{"taxonomy":"category","embeddable":true,"href":"https:\/\/vagas.portalemprego.com.br\/index.php?rest_route=%2Fwp%2Fv2%2Fcategories&post=7425"},{"taxonomy":"post_tag","embeddable":true,"href":"https:\/\/vagas.portalemprego.com.br\/index.php?rest_route=%2Fwp%2Fv2%2Ftags&post=7425"}],"curies":[{"name":"wp","href":"https:\/\/api.w.org\/{rel}","templated":true}]}}