{"id":7426,"date":"2026-04-29T06:25:25","date_gmt":"2026-04-29T09:25:25","guid":{"rendered":"https:\/\/vagas.portalemprego.com.br\/?p=7426"},"modified":"2026-04-29T06:25:25","modified_gmt":"2026-04-29T09:25:25","slug":"mm-analista-de-controladoria-rio-de-janeiro","status":"publish","type":"post","link":"https:\/\/vagas.portalemprego.com.br\/?p=7426","title":{"rendered":"MM- Analista de Controladoria &#8211; Rio de Janeiro"},"content":{"rendered":"<p>Atividades da vaga:<\/p>\n<ul>\n<li>Dar suporte nas atividades inerentes \u00e0   consolida\u00e7\u00e3o de demonstra\u00e7\u00f5es de resultados econ\u00f4micos, cont\u00e1beis, fiscais e   relat\u00f3rios gerenciais, levantando informa\u00e7\u00f5es relacionadas a or\u00e7amentos,   receitas, custos, despesas e investimentos, para elabora\u00e7\u00e3o e acompanhamento   do realizado, gerando informa\u00e7\u00f5es para propor melhorias na produtividade,   desempenho, e desenvolver relat\u00f3rios diversos que contribuam com o controle   de produtividade das \u00e1reas, visando atender as demandas da \u00e1rea e dar suporte   \u00e0 tomada de decis\u00e3o.<\/li>\n<li>Desenvolver e implementar metodologias de gest\u00e3o, estabelecendo padr\u00f5es e diretrizes para orientar a execu\u00e7\u00e3o de projetos, promovendo efici\u00eancias e a melhoria continua.<\/li>\n<li>Desenhar, desenvolver e implementar processos de gest\u00e3o, como o mapeamento e o redesenho de processos existentes, defini\u00e7\u00e3o de fluxos de trabalho e identifica\u00e7\u00e3o de indicadores chave. (KPis)<\/li>\n<li>Implementar melhorias que aumentem a produtividade ou promovam a redu\u00e7\u00e3o de custos da empresa.<\/li>\n<li>Participar do processo de elabora\u00e7\u00e3o do or\u00e7amento corporativo, colaborando na defini\u00e7\u00e3o de metas financeiras e no monitoramento de desempenho.<\/li>\n<li>Atua na analise de processos e fluxos de trabalho, identificando gargalos e oportunidades de melhoria.<\/li>\n<li>Coletar dados relevantes e utilizar ferramentas de mapeamento de processos para identificar pontos cr\u00edticos e propor solu\u00e7\u00f5es eficazes.<\/li>\n<li>Apoiar lideres da organiza\u00e7\u00e3o, garantindo o alinhamento entre \u00e1s praticas de gest\u00e3o e os objetivos estrat\u00e9gicos.<\/li>\n<li>Dar suporte a implementa\u00e7\u00e3o das metodologias desenvolvidas, por meio de treinamentos e capacita\u00e7\u00e3o dos colaboradores, assegurando a efic\u00e1cia das praticas de gest\u00e3o.<\/li>\n<li>Monitorar e avaliar regularmente a efic\u00e1cia das praticas de gest\u00e3o implementadas, coletando e analisando dados, identificando tendencias e avaliando o desempenho organizacional.<\/li>\n<\/ul>\n<p>Requisitos obrigat\u00f3rios:<\/p>\n<ul>\n<li>Superior completo emCi\u00eancias Cont\u00e1beis, Economia, Administra\u00e7\u00e3o ou Engenharia;<\/li>\n<\/ul>\n<ul>\n<li>Conhecimento t\u00e9cnico avan\u00e7ado em metodologia de gest\u00e3o PDCA garantindo a melhoria e manuten\u00e7\u00e3o de resultado, GMD e OBZ.Familiaridade com com sistemas de gest\u00e3o financeira, ferramentas de an\u00e1lise de dados e solu\u00e7\u00f5es coorporativas.<\/li>\n<li>Forte orienta\u00e7\u00e3o para resultados e habilidade na resolu\u00e7\u00e3o de problemas.<\/li>\n<li>Familiaridade com sistemas de gest\u00e3o financeira, ferramentas de an\u00e1lises de dados e ferramentas de gest\u00e3o.Experi\u00eancia na \u00e1rea de controladoria por mais de 4 anos.<\/li>\n<\/ul>\n<p>Benef\u00edcios:<\/p>\n<ul>\n<li>Almo\u00e7o e lanche da tarde no local<\/li>\n<li>Presen\u00e7a premiada: R$ 150,00<\/li>\n<li>Plano de sa\u00fade Assim (com coparticipa\u00e7\u00e3o, 50% pago pelo colaborador)<\/li>\n<li>Plano      Odontol\u00f3gico Bradesco.<\/li>\n<li>Seguro de vida<\/li>\n<li>Aux\u00edlio funeral <\/li>\n<li>Telemedicina<\/li>\n<li>Programa      Vida Ativa &#8211; Com acesso a telemedicina esportiva e aplicativos de academia      (Wellhub, antigo Gympass ou Total Pass).<\/li>\n<li>Conv\u00eanios com universidades<\/li>\n<li>Conv\u00eanios com SESC<\/li>\n<li>Conv\u00eanios com Farm\u00e1cias<\/li>\n<\/ul>\n<p>Jornada de trabalho e carga hor\u00e1ria:<\/p>\n<ul>\n<li>Presencial<\/li>\n<li>Hor\u00e1rio: 08:00 \u00e0s 18:00<\/li>\n<\/ul>\n<p><\/p>\n","protected":false},"excerpt":{"rendered":"<p>Atividades da vaga: Dar suporte nas atividades inerentes \u00e0 consolida\u00e7\u00e3o de demonstra\u00e7\u00f5es de resultados econ\u00f4micos, cont\u00e1beis, fiscais e relat\u00f3rios gerenciais, levantando informa\u00e7\u00f5es relacionadas a or\u00e7amentos, receitas, custos, despesas e investimentos, para elabora\u00e7\u00e3o e acompanhamento do realizado, gerando informa\u00e7\u00f5es para propor melhorias na produtividade, desempenho, e desenvolver relat\u00f3rios diversos que contribuam com o controle de produtividade [&hellip;]<\/p>\n","protected":false},"author":1,"featured_media":0,"comment_status":"open","ping_status":"open","sticky":false,"template":"","format":"standard","meta":{"footnotes":""},"categories":[21],"tags":[],"class_list":["post-7426","post","type-post","status-publish","format-standard","hentry","category-rio-de-janeiro-rj"],"_links":{"self":[{"href":"https:\/\/vagas.portalemprego.com.br\/index.php?rest_route=\/wp\/v2\/posts\/7426","targetHints":{"allow":["GET"]}}],"collection":[{"href":"https:\/\/vagas.portalemprego.com.br\/index.php?rest_route=\/wp\/v2\/posts"}],"about":[{"href":"https:\/\/vagas.portalemprego.com.br\/index.php?rest_route=\/wp\/v2\/types\/post"}],"author":[{"embeddable":true,"href":"https:\/\/vagas.portalemprego.com.br\/index.php?rest_route=\/wp\/v2\/users\/1"}],"replies":[{"embeddable":true,"href":"https:\/\/vagas.portalemprego.com.br\/index.php?rest_route=%2Fwp%2Fv2%2Fcomments&post=7426"}],"version-history":[{"count":0,"href":"https:\/\/vagas.portalemprego.com.br\/index.php?rest_route=\/wp\/v2\/posts\/7426\/revisions"}],"wp:attachment":[{"href":"https:\/\/vagas.portalemprego.com.br\/index.php?rest_route=%2Fwp%2Fv2%2Fmedia&parent=7426"}],"wp:term":[{"taxonomy":"category","embeddable":true,"href":"https:\/\/vagas.portalemprego.com.br\/index.php?rest_route=%2Fwp%2Fv2%2Fcategories&post=7426"},{"taxonomy":"post_tag","embeddable":true,"href":"https:\/\/vagas.portalemprego.com.br\/index.php?rest_route=%2Fwp%2Fv2%2Ftags&post=7426"}],"curies":[{"name":"wp","href":"https:\/\/api.w.org\/{rel}","templated":true}]}}