{"id":7430,"date":"2026-04-29T06:25:25","date_gmt":"2026-04-29T09:25:25","guid":{"rendered":"https:\/\/vagas.portalemprego.com.br\/?p=7430"},"modified":"2026-04-29T06:25:25","modified_gmt":"2026-04-29T09:25:25","slug":"mm-assistente-administrativo-marketing-rio-de-janeiro","status":"publish","type":"post","link":"https:\/\/vagas.portalemprego.com.br\/?p=7430","title":{"rendered":"MM &#8211; Assistente Administrativo Marketing &#8211; Rio de Janeiro"},"content":{"rendered":"<p>Sobre a vaga:<\/p>\n<p>Essa posi\u00e7\u00e3o \u00e9 fundamental para garantir o controle e a efici\u00eancia dos investimentos em marketing, contribuindo diretamente pra a execu\u00e7\u00e3o das campanhas e para a sa\u00fade financeira da \u00e1rea.<\/p>\n<p>Procuramos uma pessoa organizada, focada e respons\u00e1vel, com senso de comprometimento e urg\u00eancia, e que deseja trabalhar em uma empresa em plena expans\u00e3o.<\/p>\n<p>Principais atribui\u00e7\u00f5es:<\/p>\n<p>\u2022 Realizar o controle e processamento de pagamentos da \u00e1rea de marketing (fornecedores, ag\u00eancias, produ\u00e7\u00e3o, m\u00eddia, etc..);<\/p>\n<p>\u2022 Apoia na gest\u00e3o do budget de marketing, acompanhando gastos realizados vs planejados;<\/p>\n<p>\u2022 Controlar provis\u00f5es financeiras e garantir o correto lan\u00e7amento das despesas;<\/p>\n<p>\u2022 Acompanhar or\u00e7amentos de campanha, a\u00e7\u00f5es de PDV, eventos e materiais promocionais;<\/p>\n<p>\u2022 Envio das artes para os fornecedores, ap\u00f3s aprova\u00e7\u00e3o dos or\u00e7amentos;<\/p>\n<p>\u2022 Organizar e manter atualizados os controles financeiros da \u00e1rea (planilhas, relat\u00f3rios e sistemas internos);<\/p>\n<p>\u2022 Interface com \u00e1reas internas como financeiro, compras e controladoria;<\/p>\n<p>\u2022 Apoiar na abertura de pedidos, contratos e processos administrativos;<\/p>\n<p>\u2022 Garantir o cumprimento dos prazos de pagamento e fluxo financeiro das a\u00e7\u00f5es de marketing;<\/p>\n<p>\u2022 Apoiar o time de marketing com informa\u00e7\u00f5es financeiras para a tomada de decis\u00e3o,<\/p>\n<p>Requisitos:<\/p>\n<p>\u2022 Experi\u00eancia pr\u00e9via em rotinas administrativas e financeiras;<\/p>\n<p>\u2022 Conhecimento em Excel e Word;<\/p>\n<p>\u2022 Experi\u00eancia pr\u00e9via na \u00e1rea de Marketing<\/p>\n<p>\u2022 Organiza\u00e7\u00e3o, aten\u00e7\u00e3o a detalhes e boa gest\u00e3o de prazos;<\/p>\n<p>\u2022 Facilidade de comunica\u00e7\u00e3o e relacionamento com diferentes \u00e1reas;<\/p>\n<p>\u2022 Perfil proativo e senso de responsabilidade.<\/p>\n<p>Benef\u00edcios:<\/p>\n<ul>\n<li>-Almo\u00e7o e lanche da tarde no local<\/li>\n<li>Presen\u00e7a premiada: R$ 150,00<\/li>\n<li>Plano de sa\u00fade Assim (com coparticipa\u00e7\u00e3o, 50% pago pelo colaborador)<\/li>\n<li>Plano odontol\u00f3gico Bradesco<\/li>\n<li>Seguro de vida<\/li>\n<li>Aux\u00edlio funeral<\/li>\n<li>Telemedicina<\/li>\n<li>TotalPass e Gympass<\/li>\n<li>Conv\u00eanios com universidades<\/li>\n<li>Conv\u00eanios com SESC<\/li>\n<\/ul>\n<ul>\n<li>Conv\u00eanios com Farm\u00e1cias.<\/li>\n<\/ul>\n<p>Jornada de trabalho e carga hor\u00e1ria:<\/p>\n<ul>\n<li>Presencial<\/li>\n<\/ul>\n<ul>\n<li>Hor\u00e1rio: 08:00 \u00e0s 18:00<\/li>\n<\/ul>\n<p><\/p>\n","protected":false},"excerpt":{"rendered":"<p>Sobre a vaga: Essa posi\u00e7\u00e3o \u00e9 fundamental para garantir o controle e a efici\u00eancia dos investimentos em marketing, contribuindo diretamente pra a execu\u00e7\u00e3o das campanhas e para a sa\u00fade financeira da \u00e1rea. Procuramos uma pessoa organizada, focada e respons\u00e1vel, com senso de comprometimento e urg\u00eancia, e que deseja trabalhar em uma empresa em plena expans\u00e3o. [&hellip;]<\/p>\n","protected":false},"author":1,"featured_media":0,"comment_status":"open","ping_status":"open","sticky":false,"template":"","format":"standard","meta":{"footnotes":""},"categories":[21],"tags":[],"class_list":["post-7430","post","type-post","status-publish","format-standard","hentry","category-rio-de-janeiro-rj"],"_links":{"self":[{"href":"https:\/\/vagas.portalemprego.com.br\/index.php?rest_route=\/wp\/v2\/posts\/7430","targetHints":{"allow":["GET"]}}],"collection":[{"href":"https:\/\/vagas.portalemprego.com.br\/index.php?rest_route=\/wp\/v2\/posts"}],"about":[{"href":"https:\/\/vagas.portalemprego.com.br\/index.php?rest_route=\/wp\/v2\/types\/post"}],"author":[{"embeddable":true,"href":"https:\/\/vagas.portalemprego.com.br\/index.php?rest_route=\/wp\/v2\/users\/1"}],"replies":[{"embeddable":true,"href":"https:\/\/vagas.portalemprego.com.br\/index.php?rest_route=%2Fwp%2Fv2%2Fcomments&post=7430"}],"version-history":[{"count":0,"href":"https:\/\/vagas.portalemprego.com.br\/index.php?rest_route=\/wp\/v2\/posts\/7430\/revisions"}],"wp:attachment":[{"href":"https:\/\/vagas.portalemprego.com.br\/index.php?rest_route=%2Fwp%2Fv2%2Fmedia&parent=7430"}],"wp:term":[{"taxonomy":"category","embeddable":true,"href":"https:\/\/vagas.portalemprego.com.br\/index.php?rest_route=%2Fwp%2Fv2%2Fcategories&post=7430"},{"taxonomy":"post_tag","embeddable":true,"href":"https:\/\/vagas.portalemprego.com.br\/index.php?rest_route=%2Fwp%2Fv2%2Ftags&post=7430"}],"curies":[{"name":"wp","href":"https:\/\/api.w.org\/{rel}","templated":true}]}}