{"id":7511,"date":"2026-04-29T06:59:59","date_gmt":"2026-04-29T09:59:59","guid":{"rendered":"https:\/\/vagas.portalemprego.com.br\/?p=7511"},"modified":"2026-04-29T06:59:59","modified_gmt":"2026-04-29T09:59:59","slug":"analista-de-sustentabilidade-pl-barra-mansa","status":"publish","type":"post","link":"https:\/\/vagas.portalemprego.com.br\/?p=7511","title":{"rendered":"Analista de Sustentabilidade PL &#8211; Barra Mansa"},"content":{"rendered":"<p>Estamos em busca de profissional para atuar na \u00e1rea de Sustentabilidade, com foco em apoiar e fortalecer a agenda ESG da companhia, contribuindo para a gest\u00e3o de indicadores, projetos e conformidade ambiental.<\/p>\n<p>  Principais responsabilidades<\/p>\n<ul>\n<li>Apoiar a governan\u00e7a da agenda ESG, atuando junto ao Comit\u00ea ESG e acompanhando planos de a\u00e7\u00e3o e indicadores estrat\u00e9gicos;\n<\/li>\n<li>Consolidar, analisar e reportar dados de sustentabilidade e clima, garantindo qualidade, consist\u00eancia e rastreabilidade das informa\u00e7\u00f5es;\n<\/li>\n<li>Atuar na gest\u00e3o da agenda de carbono e clima, incluindo invent\u00e1rio de emiss\u00f5es, indicadores e conformidade regulat\u00f3ria;\n<\/li>\n<li>Conduzir projetos voltados \u00e0 redu\u00e7\u00e3o de impactos ambientais (CO\u2082, res\u00edduos, \u00e1gua e embalagens), monitorando metas e resultados;\n<\/li>\n<li>Apoiar a elabora\u00e7\u00e3o de relat\u00f3rios, auditorias e processos de certifica\u00e7\u00e3o em sustentabilidade;\n<\/li>\n<li>Atuar como ponto focal em temas ESG junto a clientes e stakeholders internos e externos.\n<\/li>\n<\/ul>\n<p>  O que buscamosRequisitos obrigat\u00f3rios<\/p>\n<ul>\n<li>Ensino superior completo;\n<\/li>\n<li>Ingl\u00eas avan\u00e7ado;\n<\/li>\n<li>Experi\u00eancia pr\u00e9via em sustentabilidade, meio ambiente ou gest\u00e3o de projetos em ambiente corporativo.\n<\/li>\n<\/ul>\n<p>Diferenciais<\/p>\n<ul>\n<li>Conhecimento em indicadores ambientais, ESG ou agenda clim\u00e1tica;\n<\/li>\n<li>Espanhol b\u00e1sico.\n<\/li>\n<\/ul>\n<p>  Benef\u00edcios<\/p>\n<ul>\n<li>Assist\u00eancia M\u00e9dica e Odontol\u00f3gica\n<\/li>\n<li>Seguro de Vida\n<\/li>\n<li>Vale-Transporte\n<\/li>\n<li>Previd\u00eancia Privada\n<\/li>\n<li>Cooperativa de Cr\u00e9dito\n<\/li>\n<li>Restaurante\n<\/li>\n<li>Ticket Alimenta\u00e7\u00e3o\n<\/li>\n<li>Clube\n<\/li>\n<li>Aux\u00edlio academia\n<\/li>\n<li>Programa de Participa\u00e7\u00e3o de Resultados (PPR)\n<\/li>\n<\/ul>\n<p>  Informa\u00e7\u00f5es Adicionais<\/p>\n<ul>\n<li>Hor\u00e1rio: Administrativo\n<\/li>\n<li>Modalidade: Presencial\n<\/li>\n<\/ul>\n","protected":false},"excerpt":{"rendered":"<p>Estamos em busca de profissional para atuar na \u00e1rea de Sustentabilidade, com foco em apoiar e fortalecer a agenda ESG da companhia, contribuindo para a gest\u00e3o de indicadores, projetos e conformidade ambiental. Principais responsabilidades Apoiar a governan\u00e7a da agenda ESG, atuando junto ao Comit\u00ea ESG e acompanhando planos de a\u00e7\u00e3o e indicadores estrat\u00e9gicos; Consolidar, analisar [&hellip;]<\/p>\n","protected":false},"author":1,"featured_media":0,"comment_status":"open","ping_status":"open","sticky":false,"template":"","format":"standard","meta":{"footnotes":""},"categories":[21],"tags":[],"class_list":["post-7511","post","type-post","status-publish","format-standard","hentry","category-rio-de-janeiro-rj"],"_links":{"self":[{"href":"https:\/\/vagas.portalemprego.com.br\/index.php?rest_route=\/wp\/v2\/posts\/7511","targetHints":{"allow":["GET"]}}],"collection":[{"href":"https:\/\/vagas.portalemprego.com.br\/index.php?rest_route=\/wp\/v2\/posts"}],"about":[{"href":"https:\/\/vagas.portalemprego.com.br\/index.php?rest_route=\/wp\/v2\/types\/post"}],"author":[{"embeddable":true,"href":"https:\/\/vagas.portalemprego.com.br\/index.php?rest_route=\/wp\/v2\/users\/1"}],"replies":[{"embeddable":true,"href":"https:\/\/vagas.portalemprego.com.br\/index.php?rest_route=%2Fwp%2Fv2%2Fcomments&post=7511"}],"version-history":[{"count":0,"href":"https:\/\/vagas.portalemprego.com.br\/index.php?rest_route=\/wp\/v2\/posts\/7511\/revisions"}],"wp:attachment":[{"href":"https:\/\/vagas.portalemprego.com.br\/index.php?rest_route=%2Fwp%2Fv2%2Fmedia&parent=7511"}],"wp:term":[{"taxonomy":"category","embeddable":true,"href":"https:\/\/vagas.portalemprego.com.br\/index.php?rest_route=%2Fwp%2Fv2%2Fcategories&post=7511"},{"taxonomy":"post_tag","embeddable":true,"href":"https:\/\/vagas.portalemprego.com.br\/index.php?rest_route=%2Fwp%2Fv2%2Ftags&post=7511"}],"curies":[{"name":"wp","href":"https:\/\/api.w.org\/{rel}","templated":true}]}}