{"id":7512,"date":"2026-04-29T06:59:59","date_gmt":"2026-04-29T09:59:59","guid":{"rendered":"https:\/\/vagas.portalemprego.com.br\/?p=7512"},"modified":"2026-04-29T06:59:59","modified_gmt":"2026-04-29T09:59:59","slug":"tec-manutencao-eletrica-jr-barra-mansa","status":"publish","type":"post","link":"https:\/\/vagas.portalemprego.com.br\/?p=7512","title":{"rendered":"Tec. Manuten\u00e7\u00e3o El\u00e9trica JR &#8211; Barra Mansa"},"content":{"rendered":"<p>Estamos em busca de um(a) T\u00e9cnico(a) de Manuten\u00e7\u00e3o El\u00e9trica Industrial para integrar nossa equipe. O profissional ser\u00e1 respons\u00e1vel por garantir a confiabilidade dos equipamentos el\u00e9tricos, seguran\u00e7a das opera\u00e7\u00f5es e melhoria cont\u00ednua dos processos industriais.<\/p>\n<p>  MISS\u00d5ES:<\/p>\n<ul>\n<li>Executar manuten\u00e7\u00e3o preventiva e corretiva em equipamentos e instala\u00e7\u00f5es el\u00e9tricas industriais; <\/li>\n<li>Instalar, modificar e reparar equipamentos el\u00e9tricos; <\/li>\n<li>Auxiliar na an\u00e1lise e solu\u00e7\u00e3o de falhas el\u00e9tricas; <\/li>\n<li>Executar planos de manuten\u00e7\u00e3o conforme programa\u00e7\u00e3o; <\/li>\n<li>Apoiar no controle de invent\u00e1rio e organiza\u00e7\u00e3o (5S); <\/li>\n<li>Elaborar relat\u00f3rios t\u00e9cnicos e manter documenta\u00e7\u00e3o atualizada; <\/li>\n<li>Contribuir com melhorias voltadas \u00e0 seguran\u00e7a e produtividade. <\/li>\n<\/ul>\n<p>  QUALIFICA\u00c7\u00d5ES:Requisitos obrigat\u00f3rios:<\/p>\n<ul>\n<li>Ensino M\u00e9dio e T\u00e9cnico completo em Eletrot\u00e9cnica, Eletricidade ou \u00e1rea correlata;<\/li>\n<li>Conhecimento em leitura e interpreta\u00e7\u00e3o de diagramas el\u00e9tricos;<\/li>\n<li>Forma\u00e7\u00f5es nas NR&#8217;s: NR 10 (Instala\u00e7\u00f5es e Servi\u00e7os em Eletricidade e SEP) e NR 35 (Trab em Altura);<\/li>\n<li>Experi\u00eancia em manuten\u00e7\u00e3o el\u00e9trica industrial;<\/li>\n<\/ul>\n<p>Diferenciais desej\u00e1veis:<\/p>\n<ul>\n<li>Conhecimento em CLP, IHM e inversores de frequ\u00eancia; <\/li>\n<li>NR 18 | Op Plataforma Elevat\u00f3ria;<\/li>\n<li>Experi\u00eancia em manuten\u00e7\u00e3o eletr\u00f4nica e an\u00e1lise de falhas.<\/li>\n<\/ul>\n<p>\u23f0 INFORMA\u00c7\u00d5ES ADICIONAIS:<\/p>\n<ul>\n<li>Regime presencial \u2013 Barra Mansa, RJ (Possibilidade de atua\u00e7\u00e3o em turnos de revezamento).<\/li>\n<li>Contrata\u00e7\u00e3o CLT. <\/li>\n<\/ul>\n<p>  BENEF\u00cdCIOS:<\/p>\n<ul>\n<li>Assist\u00eancia M\u00e9dica e Odontol\u00f3gica;<\/li>\n<li>Seguro de Vida;<\/li>\n<li>Vale-Transporte;<\/li>\n<li>Previd\u00eancia Privada;<\/li>\n<li>Cooperativa de Cr\u00e9dito;<\/li>\n<li>Restaurante;<\/li>\n<li>Ticket Alimenta\u00e7\u00e3o;<\/li>\n<li>Clube;<\/li>\n<li>Programa de Participa\u00e7\u00e3o de Resultados (PPR);<\/li>\n<li>Aux\u00edlio academia (Wellhub). <\/li>\n<\/ul>\n","protected":false},"excerpt":{"rendered":"<p>Estamos em busca de um(a) T\u00e9cnico(a) de Manuten\u00e7\u00e3o El\u00e9trica Industrial para integrar nossa equipe. O profissional ser\u00e1 respons\u00e1vel por garantir a confiabilidade dos equipamentos el\u00e9tricos, seguran\u00e7a das opera\u00e7\u00f5es e melhoria cont\u00ednua dos processos industriais. MISS\u00d5ES: Executar manuten\u00e7\u00e3o preventiva e corretiva em equipamentos e instala\u00e7\u00f5es el\u00e9tricas industriais; Instalar, modificar e reparar equipamentos el\u00e9tricos; Auxiliar na an\u00e1lise [&hellip;]<\/p>\n","protected":false},"author":1,"featured_media":0,"comment_status":"open","ping_status":"open","sticky":false,"template":"","format":"standard","meta":{"footnotes":""},"categories":[21],"tags":[],"class_list":["post-7512","post","type-post","status-publish","format-standard","hentry","category-rio-de-janeiro-rj"],"_links":{"self":[{"href":"https:\/\/vagas.portalemprego.com.br\/index.php?rest_route=\/wp\/v2\/posts\/7512","targetHints":{"allow":["GET"]}}],"collection":[{"href":"https:\/\/vagas.portalemprego.com.br\/index.php?rest_route=\/wp\/v2\/posts"}],"about":[{"href":"https:\/\/vagas.portalemprego.com.br\/index.php?rest_route=\/wp\/v2\/types\/post"}],"author":[{"embeddable":true,"href":"https:\/\/vagas.portalemprego.com.br\/index.php?rest_route=\/wp\/v2\/users\/1"}],"replies":[{"embeddable":true,"href":"https:\/\/vagas.portalemprego.com.br\/index.php?rest_route=%2Fwp%2Fv2%2Fcomments&post=7512"}],"version-history":[{"count":0,"href":"https:\/\/vagas.portalemprego.com.br\/index.php?rest_route=\/wp\/v2\/posts\/7512\/revisions"}],"wp:attachment":[{"href":"https:\/\/vagas.portalemprego.com.br\/index.php?rest_route=%2Fwp%2Fv2%2Fmedia&parent=7512"}],"wp:term":[{"taxonomy":"category","embeddable":true,"href":"https:\/\/vagas.portalemprego.com.br\/index.php?rest_route=%2Fwp%2Fv2%2Fcategories&post=7512"},{"taxonomy":"post_tag","embeddable":true,"href":"https:\/\/vagas.portalemprego.com.br\/index.php?rest_route=%2Fwp%2Fv2%2Ftags&post=7512"}],"curies":[{"name":"wp","href":"https:\/\/api.w.org\/{rel}","templated":true}]}}