{"id":7514,"date":"2026-04-29T06:02:02","date_gmt":"2026-04-29T09:02:02","guid":{"rendered":"https:\/\/vagas.portalemprego.com.br\/?p=7514"},"modified":"2026-04-29T06:02:02","modified_gmt":"2026-04-29T09:02:02","slug":"representante-comercial-radio-e-tv-band-rj-rio-de-janeiro","status":"publish","type":"post","link":"https:\/\/vagas.portalemprego.com.br\/?p=7514","title":{"rendered":"REPRESENTANTE COMERCIAL &#8211; RADIO E TV BAND RJ &#8211; Rio de Janeiro"},"content":{"rendered":"<p>Sobre a vaga:<\/p>\n<p>Estamos com novas oportunidades de Representante Comercial TV e R\u00e1dio aqui na Band RJ ! Temos o compromisso de proporcionar um ambiente de trabalho inclusivo, respeitoso e colaborativo, onde voc\u00ea ter\u00e1 a oportunidade de expressar sua criatividade e inova\u00e7\u00e3o.<\/p>\n<p>Buscamos pessoas apaixonadas por fazer a diferen\u00e7a, que estejam dispostos a se desafiar e a superar limites. Se voc\u00ea est\u00e1 pronto para dar o pr\u00f3ximo passo em sua carreira, candidate-se!<\/p>\n<p><\/p>\n<p>Principais atribui\u00e7\u00f5es:<\/p>\n<p>\u2022 Prospectar novos clientes e oportunidades de neg\u00f3cios;<\/p>\n<p>\u2022 Atuar de forma territorial e estrat\u00e9gica, sendo respons\u00e1vel por uma regi\u00e3o espec\u00edfica (Regi\u00e3o do Rio de Janeiro e Metropolitana);<\/p>\n<p> \u2022 Gerenciar pipeline de vendas e acompanhar indicadores de performance;<\/p>\n<p> \u2022 Apresentar propostas comerciais e solu\u00e7\u00f5es personalizadas de m\u00eddia;<\/p>\n<p> \u2022 Acompanhar negocia\u00e7\u00f5es e fechamento de contratos;<\/p>\n<p> \u2022 Manter relacionamento pr\u00f3ximo com ag\u00eancias e anunciantes;<\/p>\n<p> \u2022 Monitorar o mercado e identificar tend\u00eancias.<\/p>\n<p><\/p>\n<p>Requisitos obrigat\u00f3rios:<\/p>\n<ul>\n<li>Ensino superior completo em \u00e1reas correlatas (Publicidade, Marketing, Administra\u00e7\u00e3o, Comunica\u00e7\u00e3o);<\/li>\n<li>Empresa Constitu\u00edda;<\/li>\n<li>ConhecimentoPacote Office (Excel, PowerPoint e Word).<\/li>\n<li>Disponibilidade para atua\u00e7\u00e3o externa na regi\u00e3o designada;<\/li>\n<\/ul>\n<p><\/p>\n<p>Requisitos desej\u00e1veis(diferencial):<\/p>\n<p>\u2022 Experi\u00eancia na \u00e1rea comercial, em m\u00eddia, publicidade, vendas ou atendimento comercial;<\/p>\n<p> \u2022 Boa rede de relacionamentos com ag\u00eancias e anunciantes;<\/p>\n<p> \u2022 Excelente comunica\u00e7\u00e3o, negocia\u00e7\u00e3o e foco em resultados;<\/p>\n<p> \u2022 Proatividade e vis\u00e3o estrat\u00e9gica;<\/p>\n<p>\u2022 Mentalidade anal\u00edtica e vis\u00e3o de neg\u00f3cio;<\/p>\n<p>\u2022Perfil proativo, din\u00e2mico e orientado para metas.<\/p>\n<p><\/p>\n<p>Benef\u00edcios:<\/p>\n<ul>\n<li>Remunera\u00e7\u00e3o (fixo + vari\u00e1vel)<\/li>\n<\/ul>\n<p><\/p>\n<p>Jornada de trabalho e carga hor\u00e1ria:<\/p>\n<ul>\n<li>Hor\u00e1rio Comercial<\/li>\n<\/ul>\n<p><\/p>\n","protected":false},"excerpt":{"rendered":"<p>Sobre a vaga: Estamos com novas oportunidades de Representante Comercial TV e R\u00e1dio aqui na Band RJ ! Temos o compromisso de proporcionar um ambiente de trabalho inclusivo, respeitoso e colaborativo, onde voc\u00ea ter\u00e1 a oportunidade de expressar sua criatividade e inova\u00e7\u00e3o. Buscamos pessoas apaixonadas por fazer a diferen\u00e7a, que estejam dispostos a se desafiar [&hellip;]<\/p>\n","protected":false},"author":1,"featured_media":0,"comment_status":"open","ping_status":"open","sticky":false,"template":"","format":"standard","meta":{"footnotes":""},"categories":[21],"tags":[],"class_list":["post-7514","post","type-post","status-publish","format-standard","hentry","category-rio-de-janeiro-rj"],"_links":{"self":[{"href":"https:\/\/vagas.portalemprego.com.br\/index.php?rest_route=\/wp\/v2\/posts\/7514","targetHints":{"allow":["GET"]}}],"collection":[{"href":"https:\/\/vagas.portalemprego.com.br\/index.php?rest_route=\/wp\/v2\/posts"}],"about":[{"href":"https:\/\/vagas.portalemprego.com.br\/index.php?rest_route=\/wp\/v2\/types\/post"}],"author":[{"embeddable":true,"href":"https:\/\/vagas.portalemprego.com.br\/index.php?rest_route=\/wp\/v2\/users\/1"}],"replies":[{"embeddable":true,"href":"https:\/\/vagas.portalemprego.com.br\/index.php?rest_route=%2Fwp%2Fv2%2Fcomments&post=7514"}],"version-history":[{"count":0,"href":"https:\/\/vagas.portalemprego.com.br\/index.php?rest_route=\/wp\/v2\/posts\/7514\/revisions"}],"wp:attachment":[{"href":"https:\/\/vagas.portalemprego.com.br\/index.php?rest_route=%2Fwp%2Fv2%2Fmedia&parent=7514"}],"wp:term":[{"taxonomy":"category","embeddable":true,"href":"https:\/\/vagas.portalemprego.com.br\/index.php?rest_route=%2Fwp%2Fv2%2Fcategories&post=7514"},{"taxonomy":"post_tag","embeddable":true,"href":"https:\/\/vagas.portalemprego.com.br\/index.php?rest_route=%2Fwp%2Fv2%2Ftags&post=7514"}],"curies":[{"name":"wp","href":"https:\/\/api.w.org\/{rel}","templated":true}]}}