{"id":7516,"date":"2026-04-29T06:11:11","date_gmt":"2026-04-29T09:11:11","guid":{"rendered":"https:\/\/vagas.portalemprego.com.br\/?p=7516"},"modified":"2026-04-29T06:11:11","modified_gmt":"2026-04-29T09:11:11","slug":"banco-de-talentos-pcd-nova-iguacu","status":"publish","type":"post","link":"https:\/\/vagas.portalemprego.com.br\/?p=7516","title":{"rendered":"Banco de Talentos &#8211; PCD &#8211; Nova Igua\u00e7u"},"content":{"rendered":"<p>Sobre o nosso banco:<\/p>\n<p>Estamos em busca de profissionais para atuar em fun\u00e7\u00f5es operacionais no ramo varejista, com foco em garantir a efici\u00eancia, organiza\u00e7\u00e3o e qualidade no atendimento aos clientes. Este banco \u00e9 destinado a pessoas com defici\u00eancia (PCD), promovendo a inclus\u00e3o e a diversidade no ambiente de trabalho.<\/p>\n<p>Principais atribui\u00e7\u00f5es:<\/p>\n<ul>\n<li>Atender e prestar suporte aos clientes no ponto de venda, garantindo uma experi\u00eancia satisfat\u00f3ria.\n<\/li>\n<\/ul>\n<ul>\n<li>Organizar e manter o estoque de produtos, assegurando a disponibilidade e visibilidade no ambiente de loja.\n<\/li>\n<\/ul>\n<ul>\n<li>Auxiliar na reposi\u00e7\u00e3o de mercadorias e garantir a arruma\u00e7\u00e3o adequada das prateleiras.\n<\/li>\n<\/ul>\n<ul>\n<li>Realizar o registro de vendas no sistema, assegurando que todas as informa\u00e7\u00f5es estejam corretas.\n<\/li>\n<\/ul>\n<ul>\n<li>Colaborar com a equipe para o cumprimento de metas de vendas e promo\u00e7\u00f5es.\n<\/li>\n<\/ul>\n<ul>\n<li>Garantir a limpeza e organiza\u00e7\u00e3o das \u00e1reas de trabalho, conforme as normas da empresa.\n<\/li>\n<\/ul>\n<ul>\n<li>Ajudar nas opera\u00e7\u00f5es de abertura e fechamento da loja, conforme a necessidade.<\/li>\n<\/ul>\n<p>Requisitos obrigat\u00f3rios:<\/p>\n<ul>\n<li>Ensino m\u00e9dio completo.<\/li>\n<li>Ser pessoa com defici\u00eancia (PCD).<\/li>\n<\/ul>\n<p>Benef\u00edcios:<\/p>\n<p>&#8211; Plano odontol\u00f3gico<\/p>\n<p>&#8211; Seguro de vida<\/p>\n<p>&#8211; Aux\u00edlio funeral<\/p>\n<p>&#8211; Refeit\u00f3rios em todas as lojas<\/p>\n<p>&#8211; Desconto de at\u00e9 70% em faculdades (titular e dependente)<\/p>\n<p>&#8211; Descontos em produtos da empresa<\/p>\n<p>&#8211; SESC para sua divers\u00e3o e de seus dependentes \ud83d\ude42<\/p>\n<p>&#8211; SENAC (cursos profissionalizantes para sua capacita\u00e7\u00e3o e de seus dependentes)<\/p>\n","protected":false},"excerpt":{"rendered":"<p>Sobre o nosso banco: Estamos em busca de profissionais para atuar em fun\u00e7\u00f5es operacionais no ramo varejista, com foco em garantir a efici\u00eancia, organiza\u00e7\u00e3o e qualidade no atendimento aos clientes. Este banco \u00e9 destinado a pessoas com defici\u00eancia (PCD), promovendo a inclus\u00e3o e a diversidade no ambiente de trabalho. Principais atribui\u00e7\u00f5es: Atender e prestar suporte [&hellip;]<\/p>\n","protected":false},"author":1,"featured_media":0,"comment_status":"open","ping_status":"open","sticky":false,"template":"","format":"standard","meta":{"footnotes":""},"categories":[21],"tags":[],"class_list":["post-7516","post","type-post","status-publish","format-standard","hentry","category-rio-de-janeiro-rj"],"_links":{"self":[{"href":"https:\/\/vagas.portalemprego.com.br\/index.php?rest_route=\/wp\/v2\/posts\/7516","targetHints":{"allow":["GET"]}}],"collection":[{"href":"https:\/\/vagas.portalemprego.com.br\/index.php?rest_route=\/wp\/v2\/posts"}],"about":[{"href":"https:\/\/vagas.portalemprego.com.br\/index.php?rest_route=\/wp\/v2\/types\/post"}],"author":[{"embeddable":true,"href":"https:\/\/vagas.portalemprego.com.br\/index.php?rest_route=\/wp\/v2\/users\/1"}],"replies":[{"embeddable":true,"href":"https:\/\/vagas.portalemprego.com.br\/index.php?rest_route=%2Fwp%2Fv2%2Fcomments&post=7516"}],"version-history":[{"count":0,"href":"https:\/\/vagas.portalemprego.com.br\/index.php?rest_route=\/wp\/v2\/posts\/7516\/revisions"}],"wp:attachment":[{"href":"https:\/\/vagas.portalemprego.com.br\/index.php?rest_route=%2Fwp%2Fv2%2Fmedia&parent=7516"}],"wp:term":[{"taxonomy":"category","embeddable":true,"href":"https:\/\/vagas.portalemprego.com.br\/index.php?rest_route=%2Fwp%2Fv2%2Fcategories&post=7516"},{"taxonomy":"post_tag","embeddable":true,"href":"https:\/\/vagas.portalemprego.com.br\/index.php?rest_route=%2Fwp%2Fv2%2Ftags&post=7516"}],"curies":[{"name":"wp","href":"https:\/\/api.w.org\/{rel}","templated":true}]}}