{"id":7521,"date":"2026-04-29T06:11:11","date_gmt":"2026-04-29T09:11:11","guid":{"rendered":"https:\/\/vagas.portalemprego.com.br\/?p=7521"},"modified":"2026-04-29T06:11:11","modified_gmt":"2026-04-29T09:11:11","slug":"auxiliar-de-servicos-gerais-freguesia-rio-de-janeiro","status":"publish","type":"post","link":"https:\/\/vagas.portalemprego.com.br\/?p=7521","title":{"rendered":"Auxiliar de Servi\u00e7os Gerais &#8211; Freguesia &#8211; Rio de Janeiro"},"content":{"rendered":"<p>Sobre a vaga:<\/p>\n<p>O Auxiliar de Servi\u00e7os Gerais \u00e9 respons\u00e1vel por manter a limpeza, a organiza\u00e7\u00e3o e a conserva\u00e7\u00e3o dos ambientes internos e externos da loja, garantindo um espa\u00e7o limpo, seguro e agrad\u00e1vel para colaboradores e clientes.<\/p>\n<p><\/p>\n<p>Principais atribui\u00e7\u00f5es:<\/p>\n<ul>\n<li>Realizar a limpeza e higieniza\u00e7\u00e3o de pisos, banheiros, refeit\u00f3rio, \u00e1reas de vendas, dep\u00f3sitos e setores administrativos;\n<\/li>\n<\/ul>\n<ul>\n<li>Recolher lixos e res\u00edduos, realizando a destina\u00e7\u00e3o adequada;\n<\/li>\n<\/ul>\n<ul>\n<li>Fazer a reposi\u00e7\u00e3o de materiais de higiene (papel, sabonete, \u00e1lcool, etc.);\n<\/li>\n<\/ul>\n<ul>\n<li>Zelar pela conserva\u00e7\u00e3o dos equipamentos e materiais de limpeza;\n<\/li>\n<\/ul>\n<ul>\n<li>Apoiar na organiza\u00e7\u00e3o de ambientes em dias de auditoria, eventos internos e promo\u00e7\u00f5es;\n<\/li>\n<\/ul>\n<ul>\n<li>Cumprir as normas de seguran\u00e7a e higiene, utilizando corretamente os EPIs;\n<\/li>\n<\/ul>\n<ul>\n<li>Apoiar em pequenas manuten\u00e7\u00f5es e servi\u00e7os gerais quando solicitado.<\/li>\n<\/ul>\n<p><\/p>\n<p>Requisitos obrigat\u00f3rios:<\/p>\n<ul>\n<li>Ensino fundamental completo;\n<\/li>\n<\/ul>\n<ul>\n<li>Disponibilidade para trabalhar em escala e finais de semana;\n<\/li>\n<\/ul>\n<ul>\n<li>Comprometimento, responsabilidade e aten\u00e7\u00e3o aos detalhes.<\/li>\n<\/ul>\n<p><\/p>\n<p>Requisitos desej\u00e1veis(diferencial):<\/p>\n<ul>\n<li>Organiza\u00e7\u00e3o e proatividade;\n<\/li>\n<\/ul>\n<ul>\n<li>Agilidade e pontualidade;\n<\/li>\n<\/ul>\n<ul>\n<li>Boa comunica\u00e7\u00e3o interpessoal;\n<\/li>\n<\/ul>\n<ul>\n<li>Trabalho em equipe.<\/li>\n<\/ul>\n<p><\/p>\n<p>Benef\u00edcios:<\/p>\n<p>&#8211; Plano odontol\u00f3gico<\/p>\n<p>&#8211; Vale transporte<\/p>\n<p>&#8211; Seguro de vida<\/p>\n<p>&#8211; Aux\u00edlio funeral<\/p>\n<p>&#8211; Refeit\u00f3rios em todas as lojas<\/p>\n<p>&#8211; Desconto de at\u00e9 70% em faculdades (titular e dependente)<\/p>\n<p>&#8211; Descontos em produtos da empresa<\/p>\n<p>&#8211; SESC para sua divers\u00e3o e de seus dependentes \ud83d\ude42<\/p>\n<p>&#8211; SENAC (cursos profissionalizantes para sua capacita\u00e7\u00e3o e de seus dependentes)<\/p>\n<p><\/p>\n<p>Jornada de trabalho e carga hor\u00e1ria:<\/p>\n<p>6&#215;1.<\/p>\n<p><\/p>\n","protected":false},"excerpt":{"rendered":"<p>Sobre a vaga: O Auxiliar de Servi\u00e7os Gerais \u00e9 respons\u00e1vel por manter a limpeza, a organiza\u00e7\u00e3o e a conserva\u00e7\u00e3o dos ambientes internos e externos da loja, garantindo um espa\u00e7o limpo, seguro e agrad\u00e1vel para colaboradores e clientes. Principais atribui\u00e7\u00f5es: Realizar a limpeza e higieniza\u00e7\u00e3o de pisos, banheiros, refeit\u00f3rio, \u00e1reas de vendas, dep\u00f3sitos e setores administrativos; [&hellip;]<\/p>\n","protected":false},"author":1,"featured_media":0,"comment_status":"open","ping_status":"open","sticky":false,"template":"","format":"standard","meta":{"footnotes":""},"categories":[21],"tags":[],"class_list":["post-7521","post","type-post","status-publish","format-standard","hentry","category-rio-de-janeiro-rj"],"_links":{"self":[{"href":"https:\/\/vagas.portalemprego.com.br\/index.php?rest_route=\/wp\/v2\/posts\/7521","targetHints":{"allow":["GET"]}}],"collection":[{"href":"https:\/\/vagas.portalemprego.com.br\/index.php?rest_route=\/wp\/v2\/posts"}],"about":[{"href":"https:\/\/vagas.portalemprego.com.br\/index.php?rest_route=\/wp\/v2\/types\/post"}],"author":[{"embeddable":true,"href":"https:\/\/vagas.portalemprego.com.br\/index.php?rest_route=\/wp\/v2\/users\/1"}],"replies":[{"embeddable":true,"href":"https:\/\/vagas.portalemprego.com.br\/index.php?rest_route=%2Fwp%2Fv2%2Fcomments&post=7521"}],"version-history":[{"count":0,"href":"https:\/\/vagas.portalemprego.com.br\/index.php?rest_route=\/wp\/v2\/posts\/7521\/revisions"}],"wp:attachment":[{"href":"https:\/\/vagas.portalemprego.com.br\/index.php?rest_route=%2Fwp%2Fv2%2Fmedia&parent=7521"}],"wp:term":[{"taxonomy":"category","embeddable":true,"href":"https:\/\/vagas.portalemprego.com.br\/index.php?rest_route=%2Fwp%2Fv2%2Fcategories&post=7521"},{"taxonomy":"post_tag","embeddable":true,"href":"https:\/\/vagas.portalemprego.com.br\/index.php?rest_route=%2Fwp%2Fv2%2Ftags&post=7521"}],"curies":[{"name":"wp","href":"https:\/\/api.w.org\/{rel}","templated":true}]}}