{"id":7523,"date":"2026-04-29T06:11:11","date_gmt":"2026-04-29T09:11:11","guid":{"rendered":"https:\/\/vagas.portalemprego.com.br\/?p=7523"},"modified":"2026-04-29T06:11:11","modified_gmt":"2026-04-29T09:11:11","slug":"locutor-nova-iguacu-nova-iguacu","status":"publish","type":"post","link":"https:\/\/vagas.portalemprego.com.br\/?p=7523","title":{"rendered":"Locutor &#8211; Nova Igua\u00e7u &#8211; Nova Igua\u00e7u"},"content":{"rendered":"<p>Sobre a vaga:<\/p>\n<ul>\n<li>Estamos em busca de um Locutor talentoso e comunicativo para atuar em nossa rede, transmitindo mensagens, an\u00fancios e conte\u00fados diversos com clareza e carisma.<\/li>\n<li>O profissional ser\u00e1 respons\u00e1vel por dar voz , garantindo uma comunica\u00e7\u00e3o eficaz e envolvente com o p\u00fablico.<\/li>\n<\/ul>\n<p><\/p>\n<p>Principais atribui\u00e7\u00f5es:<\/p>\n<ul>\n<li>Realizar locu\u00e7\u00f5es para programas de r\u00e1dio, televis\u00e3o, v\u00eddeos institucionais e comerciais.<\/li>\n<li>Interpretar roteiros e adaptar o tom de voz conforme o p\u00fablico-alvo e o tipo de conte\u00fado.<\/li>\n<li>Participar da cria\u00e7\u00e3o e desenvolvimento de conte\u00fados sonoros, colaborando com a equipe de produ\u00e7\u00e3o.<\/li>\n<li>Gravar e editar \u00e1udios, quando necess\u00e1rio, para garantir qualidade e clareza na transmiss\u00e3o.<\/li>\n<li>Manter-se atualizado sobre t\u00e9cnicas de locu\u00e7\u00e3o e tend\u00eancias do mercado.<\/li>\n<\/ul>\n<p><\/p>\n<p>Requisitos obrigat\u00f3rios:<\/p>\n<ul>\n<li>Experi\u00eancia comprovada como locutor em r\u00e1dio, televis\u00e3o ou plataformas digitais.<\/li>\n<li>Excelente dic\u00e7\u00e3o, entona\u00e7\u00e3o e controle vocal.<\/li>\n<li>Habilidade para interpretar diferentes tipos de roteiro e adaptar a voz conforme a necessidade.<\/li>\n<li>Disponibilidade para trabalhar em hor\u00e1rios flex\u00edveis, incluindo finais de semana e feriados, se necess\u00e1rio.<\/li>\n<li>Conhecimento b\u00e1sico em edi\u00e7\u00e3o de \u00e1udio ser\u00e1 considerado um diferencial.<\/li>\n<\/ul>\n<p><\/p>\n<p>Requisitos desej\u00e1veis(diferencial):<\/p>\n<ul>\n<li>Experi\u00eancia com locu\u00e7\u00e3o publicit\u00e1ria e narra\u00e7\u00e3o de v\u00eddeos institucionais.<\/li>\n<li>Capacidade de improvisa\u00e7\u00e3o e criatividade na apresenta\u00e7\u00e3o de conte\u00fados.<\/li>\n<li>Conhecimento em t\u00e9cnicas de marketing e comunica\u00e7\u00e3o digital.<\/li>\n<\/ul>\n<p><\/p>\n<p>Benef\u00edcios:<\/p>\n<ul>\n<li><\/li>\n<\/ul>\n<p>&#8211; Plano odontol\u00f3gico<\/p>\n<p>&#8211; Seguro de vida<\/p>\n<p>&#8211; Aux\u00edlio funeral<\/p>\n<p>&#8211; Refeit\u00f3rios em todas as lojas<\/p>\n<p>&#8211; Desconto de at\u00e9 70% em faculdades (titular e dependente)<\/p>\n<p>&#8211; Descontos em produtos da empresa<\/p>\n<p>&#8211; SESC para sua divers\u00e3o e de seus dependentes \ud83d\ude42<\/p>\n<p>&#8211; SENAC (cursos profissionalizantes para sua capacita\u00e7\u00e3o e de seus dependentes)<\/p>\n<p><\/p>\n<p>Jornada de trabalho e carga hor\u00e1ria:<\/p>\n<ul>\n<li>6 x 1.<\/li>\n<\/ul>\n<p><\/p>\n","protected":false},"excerpt":{"rendered":"<p>Sobre a vaga: Estamos em busca de um Locutor talentoso e comunicativo para atuar em nossa rede, transmitindo mensagens, an\u00fancios e conte\u00fados diversos com clareza e carisma. O profissional ser\u00e1 respons\u00e1vel por dar voz , garantindo uma comunica\u00e7\u00e3o eficaz e envolvente com o p\u00fablico. Principais atribui\u00e7\u00f5es: Realizar locu\u00e7\u00f5es para programas de r\u00e1dio, televis\u00e3o, v\u00eddeos institucionais [&hellip;]<\/p>\n","protected":false},"author":1,"featured_media":0,"comment_status":"open","ping_status":"open","sticky":false,"template":"","format":"standard","meta":{"footnotes":""},"categories":[21],"tags":[],"class_list":["post-7523","post","type-post","status-publish","format-standard","hentry","category-rio-de-janeiro-rj"],"_links":{"self":[{"href":"https:\/\/vagas.portalemprego.com.br\/index.php?rest_route=\/wp\/v2\/posts\/7523","targetHints":{"allow":["GET"]}}],"collection":[{"href":"https:\/\/vagas.portalemprego.com.br\/index.php?rest_route=\/wp\/v2\/posts"}],"about":[{"href":"https:\/\/vagas.portalemprego.com.br\/index.php?rest_route=\/wp\/v2\/types\/post"}],"author":[{"embeddable":true,"href":"https:\/\/vagas.portalemprego.com.br\/index.php?rest_route=\/wp\/v2\/users\/1"}],"replies":[{"embeddable":true,"href":"https:\/\/vagas.portalemprego.com.br\/index.php?rest_route=%2Fwp%2Fv2%2Fcomments&post=7523"}],"version-history":[{"count":0,"href":"https:\/\/vagas.portalemprego.com.br\/index.php?rest_route=\/wp\/v2\/posts\/7523\/revisions"}],"wp:attachment":[{"href":"https:\/\/vagas.portalemprego.com.br\/index.php?rest_route=%2Fwp%2Fv2%2Fmedia&parent=7523"}],"wp:term":[{"taxonomy":"category","embeddable":true,"href":"https:\/\/vagas.portalemprego.com.br\/index.php?rest_route=%2Fwp%2Fv2%2Fcategories&post=7523"},{"taxonomy":"post_tag","embeddable":true,"href":"https:\/\/vagas.portalemprego.com.br\/index.php?rest_route=%2Fwp%2Fv2%2Ftags&post=7523"}],"curies":[{"name":"wp","href":"https:\/\/api.w.org\/{rel}","templated":true}]}}