{"id":7650,"date":"2026-04-29T06:22:22","date_gmt":"2026-04-29T09:22:22","guid":{"rendered":"https:\/\/vagas.portalemprego.com.br\/?p=7650"},"modified":"2026-04-29T06:22:22","modified_gmt":"2026-04-29T09:22:22","slug":"analista-de-incorporacao-arquitetura-decoracao-design-rio-de-janeiro","status":"publish","type":"post","link":"https:\/\/vagas.portalemprego.com.br\/?p=7650","title":{"rendered":"Analista de Incorpora\u00e7\u00e3o &#8211; Arquitetura, Decora\u00e7\u00e3o, Design &#8211; Rio de Janeiro"},"content":{"rendered":"<p>Requisitos:<br \/>\nForma\u00e7\u00e3o em Arquitetura ou Engenharia<br \/>\nConhecimento b\u00e1sico em legisla\u00e7\u00e3o urban\u00edstica e processos de licenciamento<br \/>\nHabilidade em leitura e interpreta\u00e7\u00e3o de projetos<br \/>\nNo\u00e7\u00f5es de tr\u00e2mite em \u00f3rg\u00e3os p\u00fablicos e concession\u00e1rias<br \/>\nDisponibilidade para visitas t\u00e9cnicas a obras e \u00f3rg\u00e3os p\u00fablicos<\/p>\n<p>Compet\u00eancias comportamentais:<br \/>\nBoa comunica\u00e7\u00e3o e postura profissional<br \/>\nOrganiza\u00e7\u00e3o e gest\u00e3o de prazos<br \/>\nProatividade e resolu\u00e7\u00e3o de problemas<br \/>\nAn\u00e1lise Cr\u00edtica e Capacidade de lidar com m\u00faltiplas demandas.<\/p>\n<p>Principais Responsabilidades:<br \/>\nRealizar o levantamento e acompanhamento da documenta\u00e7\u00e3o de im\u00f3veis<br \/>\nAuxiliar na elabora\u00e7\u00e3o de estudos de massa, pr\u00e9-projetos e memoriais de incorpora\u00e7\u00e3o.<br \/>\nApoiar a interface com \u00f3rg\u00e3os p\u00fablicos em processos de licenciamento, aprova\u00e7\u00f5es e registros cartoriais.<br \/>\nDar suporte nas etapas de lan\u00e7amento, incluindo elabora\u00e7\u00e3o de contratos, materiais de venda e cadastro de produtos.<br \/>\nAcompanhar e garantir o cumprimento do cronograma das etapas do empreendimento.<\/p>\n<ul>\n<li>Local de trabalho: Rio de Janeiro, RJ<\/li>\n<li>Regime de contrata\u00e7\u00e3o de tipo: Prestador de Servi\u00e7os (PJ)<\/li>\n<li>Jornada: Per\u00edodo Integral<\/li>\n<li>\u00c1rea e especializa\u00e7\u00e3o profissional: Arquitetura, Decora\u00e7\u00e3o, Design &#8211; Arquitetura, Urbanismo<\/li>\n<li>N\u00edvel hier\u00e1rquico: Analista<\/li>\n<\/ul>\n<p>VALORIZADO<\/p>\n<p>Tempo de experi\u00eancia: Menos de 1 ano<\/p>\n<p>Escolaridade M\u00ednima: Ensino Superior<\/p>\n","protected":false},"excerpt":{"rendered":"<p>Requisitos: Forma\u00e7\u00e3o em Arquitetura ou Engenharia Conhecimento b\u00e1sico em legisla\u00e7\u00e3o urban\u00edstica e processos de licenciamento Habilidade em leitura e interpreta\u00e7\u00e3o de projetos No\u00e7\u00f5es de tr\u00e2mite em \u00f3rg\u00e3os p\u00fablicos e concession\u00e1rias Disponibilidade para visitas t\u00e9cnicas a obras e \u00f3rg\u00e3os p\u00fablicos Compet\u00eancias comportamentais: Boa comunica\u00e7\u00e3o e postura profissional Organiza\u00e7\u00e3o e gest\u00e3o de prazos Proatividade e resolu\u00e7\u00e3o de [&hellip;]<\/p>\n","protected":false},"author":1,"featured_media":0,"comment_status":"open","ping_status":"open","sticky":false,"template":"","format":"standard","meta":{"footnotes":""},"categories":[21],"tags":[],"class_list":["post-7650","post","type-post","status-publish","format-standard","hentry","category-rio-de-janeiro-rj"],"_links":{"self":[{"href":"https:\/\/vagas.portalemprego.com.br\/index.php?rest_route=\/wp\/v2\/posts\/7650","targetHints":{"allow":["GET"]}}],"collection":[{"href":"https:\/\/vagas.portalemprego.com.br\/index.php?rest_route=\/wp\/v2\/posts"}],"about":[{"href":"https:\/\/vagas.portalemprego.com.br\/index.php?rest_route=\/wp\/v2\/types\/post"}],"author":[{"embeddable":true,"href":"https:\/\/vagas.portalemprego.com.br\/index.php?rest_route=\/wp\/v2\/users\/1"}],"replies":[{"embeddable":true,"href":"https:\/\/vagas.portalemprego.com.br\/index.php?rest_route=%2Fwp%2Fv2%2Fcomments&post=7650"}],"version-history":[{"count":0,"href":"https:\/\/vagas.portalemprego.com.br\/index.php?rest_route=\/wp\/v2\/posts\/7650\/revisions"}],"wp:attachment":[{"href":"https:\/\/vagas.portalemprego.com.br\/index.php?rest_route=%2Fwp%2Fv2%2Fmedia&parent=7650"}],"wp:term":[{"taxonomy":"category","embeddable":true,"href":"https:\/\/vagas.portalemprego.com.br\/index.php?rest_route=%2Fwp%2Fv2%2Fcategories&post=7650"},{"taxonomy":"post_tag","embeddable":true,"href":"https:\/\/vagas.portalemprego.com.br\/index.php?rest_route=%2Fwp%2Fv2%2Ftags&post=7650"}],"curies":[{"name":"wp","href":"https:\/\/api.w.org\/{rel}","templated":true}]}}