{"id":7694,"date":"2026-04-29T06:19:19","date_gmt":"2026-04-29T09:19:19","guid":{"rendered":"https:\/\/vagas.portalemprego.com.br\/?p=7694"},"modified":"2026-04-29T06:19:19","modified_gmt":"2026-04-29T09:19:19","slug":"auxiliar-de-cozinha-alimentacao-gastronomia-rio-de-janeiro-56","status":"publish","type":"post","link":"https:\/\/vagas.portalemprego.com.br\/?p=7694","title":{"rendered":"Auxiliar de Cozinha &#8211; Alimenta\u00e7\u00e3o \/ Gastronomia &#8211; Rio de Janeiro"},"content":{"rendered":"<p>Principais Responsabilidades:<br \/>\nAuxiliar no pr\u00e9-preparo e preparo de alimentos conforme orienta\u00e7\u00f5es da equipe.<br \/>\nRealizar higieniza\u00e7\u00e3o, corte e armazenamento de ingredientes.<br \/>\nManter a organiza\u00e7\u00e3o e limpeza da cozinha, utens\u00edlios e equipamentos.<br \/>\nApoiar no controle e reposi\u00e7\u00e3o de insumos.<br \/>\nCumprir normas de higiene, seguran\u00e7a alimentar e boas pr\u00e1ticas.<br \/>\nJornada de trabalho: Hor\u00e1rio de 13h-21h no formato 6&#215;1<br \/>\nLocal de trabalho: Leblon, RJ<br \/>\nSal\u00e1rio, benef\u00edcios, comiss\u00e3o proporcional sobre o 10% do servi\u00e7o.<br \/>\nDIFERENCIAL: Ter trabalhado em restaurantes de Fast-food onde desenvolve rapidez na prepara\u00e7\u00e3o de resposta e tem viv\u00eancia em trabalho \u00e1gil e sob press\u00e3o.<\/p>\n<ul>\n<li>Local de trabalho: Rio de Janeiro, RJ<\/li>\n<li>Regime de contrata\u00e7\u00e3o de tipo: Efetivo \u2013 CLT<\/li>\n<li>Jornada: Per\u00edodo Integral<\/li>\n<li>\u00c1rea e especializa\u00e7\u00e3o profissional: Alimenta\u00e7\u00e3o \/ Gastronomia &#8211; Cozinha<\/li>\n<li>N\u00edvel hier\u00e1rquico: Auxiliar<\/li>\n<\/ul>\n<p>VALORIZADO<\/p>\n<p>Tempo de experi\u00eancia: Menos de 1 ano<\/p>\n<p>HABILIDADES<\/p>\n<ul>\n<li>Proatividade<\/li>\n<li>Adaptabilidade<\/li>\n<li>Pontualidade<\/li>\n<li>Aten\u00e7\u00e3o a detalhes<\/li>\n<li>Iniciativa<\/li>\n<li>Orienta\u00e7\u00e3o de servi\u00e7o<\/li>\n<li>Pr\u00e1ticas de higiene pessoal<\/li>\n<\/ul>\n<p>Escolaridade M\u00ednima: Curso T\u00e9cnico<\/p>\n<ul>\n<li>Vale Alimenta\u00e7\u00e3o<\/li>\n<li>Vale Transporte<\/li>\n<\/ul>\n","protected":false},"excerpt":{"rendered":"<p>Principais Responsabilidades: Auxiliar no pr\u00e9-preparo e preparo de alimentos conforme orienta\u00e7\u00f5es da equipe. Realizar higieniza\u00e7\u00e3o, corte e armazenamento de ingredientes. Manter a organiza\u00e7\u00e3o e limpeza da cozinha, utens\u00edlios e equipamentos. Apoiar no controle e reposi\u00e7\u00e3o de insumos. Cumprir normas de higiene, seguran\u00e7a alimentar e boas pr\u00e1ticas. Jornada de trabalho: Hor\u00e1rio de 13h-21h no formato 6&#215;1 [&hellip;]<\/p>\n","protected":false},"author":1,"featured_media":0,"comment_status":"open","ping_status":"open","sticky":false,"template":"","format":"standard","meta":{"footnotes":""},"categories":[21],"tags":[],"class_list":["post-7694","post","type-post","status-publish","format-standard","hentry","category-rio-de-janeiro-rj"],"_links":{"self":[{"href":"https:\/\/vagas.portalemprego.com.br\/index.php?rest_route=\/wp\/v2\/posts\/7694","targetHints":{"allow":["GET"]}}],"collection":[{"href":"https:\/\/vagas.portalemprego.com.br\/index.php?rest_route=\/wp\/v2\/posts"}],"about":[{"href":"https:\/\/vagas.portalemprego.com.br\/index.php?rest_route=\/wp\/v2\/types\/post"}],"author":[{"embeddable":true,"href":"https:\/\/vagas.portalemprego.com.br\/index.php?rest_route=\/wp\/v2\/users\/1"}],"replies":[{"embeddable":true,"href":"https:\/\/vagas.portalemprego.com.br\/index.php?rest_route=%2Fwp%2Fv2%2Fcomments&post=7694"}],"version-history":[{"count":0,"href":"https:\/\/vagas.portalemprego.com.br\/index.php?rest_route=\/wp\/v2\/posts\/7694\/revisions"}],"wp:attachment":[{"href":"https:\/\/vagas.portalemprego.com.br\/index.php?rest_route=%2Fwp%2Fv2%2Fmedia&parent=7694"}],"wp:term":[{"taxonomy":"category","embeddable":true,"href":"https:\/\/vagas.portalemprego.com.br\/index.php?rest_route=%2Fwp%2Fv2%2Fcategories&post=7694"},{"taxonomy":"post_tag","embeddable":true,"href":"https:\/\/vagas.portalemprego.com.br\/index.php?rest_route=%2Fwp%2Fv2%2Ftags&post=7694"}],"curies":[{"name":"wp","href":"https:\/\/api.w.org\/{rel}","templated":true}]}}