{"id":7704,"date":"2026-04-30T06:48:48","date_gmt":"2026-04-30T09:48:48","guid":{"rendered":"https:\/\/vagas.portalemprego.com.br\/?p=7704"},"modified":"2026-04-30T06:48:48","modified_gmt":"2026-04-30T09:48:48","slug":"supervisor-comercial-clinica-odontologica-itaperuna","status":"publish","type":"post","link":"https:\/\/vagas.portalemprego.com.br\/?p=7704","title":{"rendered":"SUPERVISOR COMERCIAL &#8211; CL\u00cdNICA ODONTOL\u00d3GICA &#8211; Itaperuna"},"content":{"rendered":"<p>ATIVIDADES e\/ou RESPONSABILIDADES:<\/p>\n<ul>\n<li>Gerenciar e supervisionar equipe comercial (recep\u00e7\u00e3o, telemarketing, divulgadores e promotores);<\/li>\n<li>Acompanhar metas di\u00e1rias, semanais e mensais;<\/li>\n<li>Treinar equipe em t\u00e9cnicas de vendas e atendimento;<\/li>\n<li>Monitorar indicadores (convers\u00e3o, agendamentos, faltas, fechamento);<\/li>\n<li>Desenvolver estrat\u00e9gias para aumento de capta\u00e7\u00e3o de pacientes;<\/li>\n<li>Acompanhar atendimento ao paciente desde o primeiro contato at\u00e9 o fechamento;<\/li>\n<li>Criar campanhas comerciais e a\u00e7\u00f5es promocionais;<\/li>\n<li>Cobrar resultados e garantir cumprimento de metas;<\/li>\n<li>Analisar relat\u00f3rios e propor melhorias;<\/li>\n<li>Organizar processos comerciais e padroniza\u00e7\u00e3o de atendimento.<\/li>\n<\/ul>\n<p>REQUISITOS<\/p>\n<ul>\n<li>25 a 45 anos;<\/li>\n<li>Residente em Itaperuna ou distritos pr\u00f3ximos;<\/li>\n<li>Ensino superior completo ou em andamento (Administra\u00e7\u00e3o, Gest\u00e3o Comercial ou \u00e1reas correlatas) \u2013 Desej\u00e1vel;<\/li>\n<li>Pessoa com perfil l\u00edder, comunicativa, com energia alta, foco em resultado, que saiba cobrar equipe e resolver problemas rapidamente;<\/li>\n<li>Experi\u00eancia com vendas e lideran\u00e7a de equipe (M\u00ednimo 1 a 2 anos \u2013 Obrigat\u00f3rio);<\/li>\n<li>Cursos: Vendas, lideran\u00e7a ou gest\u00e3o \u2013 Desej\u00e1vel;<\/li>\n<li>Conhecimentos espec\u00edficos: Gest\u00e3o de equipe T\u00e9cnicas de vendas Excel b\u00e1sico\/intermedi\u00e1rio Indicadores comerciais.<\/li>\n<\/ul>\n<p>HOR\u00c1RIOS, DIAS DA SEMANA e INTERVALOS<\/p>\n<ul>\n<li>Segunda a sexta: 08:00 \u00e0s 18:00<\/li>\n<li>Intervalo: 1h de almo\u00e7o<\/li>\n<\/ul>\n<p>REMUNERA\u00c7\u00c3O<\/p>\n<ul>\n<li>Sal\u00e1rio fixo: R$ 2.200,00 + benef\u00edcios<\/li>\n<\/ul>\n<p>BENEF\u00cdCIOS<\/p>\n<ul>\n<li>Bonifica\u00e7\u00e3o por metas atingidas;<\/li>\n<li>Vale transporte;<\/li>\n<li>Possibilidade de crescimento profissional;<\/li>\n<li>Treinamentos internos.<\/li>\n<\/ul>\n<p>Informa\u00e7\u00f5es sobre a empresa:<br \/>Somos uma cl\u00ednica odontol\u00f3gica em crescimento, com forte atua\u00e7\u00e3o em ortodontia e foco em resultados. Trabalhamos com metas claras, ambiente din\u00e2mico e cultura voltada para desempenho. Nossa equipe \u00e9 estruturada e buscamos profissionais que queiram crescer junto com a empresa, assumindo responsabilidades e evoluindo na carreira. ;<\/p>\n","protected":false},"excerpt":{"rendered":"<p>ATIVIDADES e\/ou RESPONSABILIDADES: Gerenciar e supervisionar equipe comercial (recep\u00e7\u00e3o, telemarketing, divulgadores e promotores); Acompanhar metas di\u00e1rias, semanais e mensais; Treinar equipe em t\u00e9cnicas de vendas e atendimento; Monitorar indicadores (convers\u00e3o, agendamentos, faltas, fechamento); Desenvolver estrat\u00e9gias para aumento de capta\u00e7\u00e3o de pacientes; Acompanhar atendimento ao paciente desde o primeiro contato at\u00e9 o fechamento; Criar campanhas comerciais [&hellip;]<\/p>\n","protected":false},"author":1,"featured_media":0,"comment_status":"open","ping_status":"open","sticky":false,"template":"","format":"standard","meta":{"footnotes":""},"categories":[21],"tags":[],"class_list":["post-7704","post","type-post","status-publish","format-standard","hentry","category-rio-de-janeiro-rj"],"_links":{"self":[{"href":"https:\/\/vagas.portalemprego.com.br\/index.php?rest_route=\/wp\/v2\/posts\/7704","targetHints":{"allow":["GET"]}}],"collection":[{"href":"https:\/\/vagas.portalemprego.com.br\/index.php?rest_route=\/wp\/v2\/posts"}],"about":[{"href":"https:\/\/vagas.portalemprego.com.br\/index.php?rest_route=\/wp\/v2\/types\/post"}],"author":[{"embeddable":true,"href":"https:\/\/vagas.portalemprego.com.br\/index.php?rest_route=\/wp\/v2\/users\/1"}],"replies":[{"embeddable":true,"href":"https:\/\/vagas.portalemprego.com.br\/index.php?rest_route=%2Fwp%2Fv2%2Fcomments&post=7704"}],"version-history":[{"count":0,"href":"https:\/\/vagas.portalemprego.com.br\/index.php?rest_route=\/wp\/v2\/posts\/7704\/revisions"}],"wp:attachment":[{"href":"https:\/\/vagas.portalemprego.com.br\/index.php?rest_route=%2Fwp%2Fv2%2Fmedia&parent=7704"}],"wp:term":[{"taxonomy":"category","embeddable":true,"href":"https:\/\/vagas.portalemprego.com.br\/index.php?rest_route=%2Fwp%2Fv2%2Fcategories&post=7704"},{"taxonomy":"post_tag","embeddable":true,"href":"https:\/\/vagas.portalemprego.com.br\/index.php?rest_route=%2Fwp%2Fv2%2Ftags&post=7704"}],"curies":[{"name":"wp","href":"https:\/\/api.w.org\/{rel}","templated":true}]}}