{"id":7705,"date":"2026-04-30T06:44:44","date_gmt":"2026-04-30T09:44:44","guid":{"rendered":"https:\/\/vagas.portalemprego.com.br\/?p=7705"},"modified":"2026-04-30T06:44:44","modified_gmt":"2026-04-30T09:44:44","slug":"secretario-de-coordenacao-teresopolis-rj","status":"publish","type":"post","link":"https:\/\/vagas.portalemprego.com.br\/?p=7705","title":{"rendered":"SECRETARIO DE COORDENACAO &#8211; Teres\u00f3polis &#8211; RJ"},"content":{"rendered":"<p>Descri\u00e7\u00e3o<\/p>\n<p>Est\u00e1 em busca de uma oportunidade para crescer, desenvolver suas habilidades e fazer parte de um ambiente din\u00e2mico e colaborativo? Ent\u00e3o essa vaga pode ser para voc\u00ea!<br \/>\nEstamos em busca de profissionais engajados, organizados e com vontade de aprender, que queiram contribuir ativamente para o bom funcionamento da Coordena\u00e7\u00e3o de P\u00f3s-Gradua\u00e7\u00e3o e Pesquisa.<br \/>\nSe voc\u00ea gosta de desafios, valoriza o trabalho em equipe e quer fazer a diferen\u00e7a no dia a dia, venha fazer parte da equipe FESO. Aqui, sua contribui\u00e7\u00e3o importa e seu desenvolvimento \u00e9 incentivado.<br \/>\nCandidate-se e venha construir essa jornada com a gente!<\/p>\n<p>Responsabilidades e atribui\u00e7\u00f5es<\/p>\n<ul>\n<li>Organizar reuni\u00f5es (pauta, agendamento, convoca\u00e7\u00f5es e registros);<\/li>\n<li>Controlar e acompanhar prazos, projetos e protocolos de pesquisa;<\/li>\n<li>Gerir correspond\u00eancias e realizar encaminhamentos;<\/li>\n<li>Organizar e manter atualizados documentos, legisla\u00e7\u00f5es e banco de dados;<\/li>\n<li>Apoiar o cumprimento de delibera\u00e7\u00f5es e processos institucionais;<\/li>\n<li>Atender p\u00fablico interno e externo em demandas relacionadas \u00e0 \u00e1rea;<\/li>\n<li>Apoiar a\u00e7\u00f5es educativas, divulga\u00e7\u00e3o de eventos e orienta\u00e7\u00e3o a pesquisadores;<\/li>\n<li>Elaborar materiais, relat\u00f3rios e realizar lan\u00e7amentos administrativos.<\/li>\n<li>Controlar material de expediente, realizando a requisi\u00e7\u00e3o de materiais quando necess\u00e1rio, acompanhar or\u00e7amento da \u00e1rea;<\/li>\n<li>Utilizar sistemas acad\u00eamicos;<\/li>\n<li>Executar demais atividades inerentes \u00e0 fun\u00e7\u00e3o.<\/li>\n<\/ul>\n<p>Hor\u00e1rio de Trabalho:\u00a0 20 horas semanais &#8211; Segunda \u00e0 Sexta das 15h \u00e0s 19h &#8211; vaga 100% presencial<br \/>Local de Trabalho:\u00a0Campus Sede da FESO &#8211; Av. Alberto Torres, 111 &#8211; Alto &#8211; Teres\u00f3polis<\/p>\n<p>Requisitos e qualifica\u00e7\u00f5es<\/p>\n<ul>\n<li>Ensino superior completo em Secretariado, Administra\u00e7\u00e3o ou \u00e1reas correlatas;<\/li>\n<li>Conhecimento em inform\u00e1tica e pacote office;<\/li>\n<li>Dom\u00ednio da l\u00edngua portuguesa, com reda\u00e7\u00e3o pr\u00f3pria e correta (ortografia e gram\u00e1tica);<\/li>\n<li>Residir em Teres\u00f3polis \u2013 Vaga 100% presencial.<\/li>\n<\/ul>\n<p>A Feso valoriza a diversidade e promove a inclus\u00e3o de Pessoas com Defici\u00eancia (PcD). Caso voc\u00ea seja um profissional com defici\u00eancia e se interessou por esta oportunidade, venha trabalhar conosco!<\/p>\n","protected":false},"excerpt":{"rendered":"<p>Descri\u00e7\u00e3o Est\u00e1 em busca de uma oportunidade para crescer, desenvolver suas habilidades e fazer parte de um ambiente din\u00e2mico e colaborativo? Ent\u00e3o essa vaga pode ser para voc\u00ea! Estamos em busca de profissionais engajados, organizados e com vontade de aprender, que queiram contribuir ativamente para o bom funcionamento da Coordena\u00e7\u00e3o de P\u00f3s-Gradua\u00e7\u00e3o e Pesquisa. Se [&hellip;]<\/p>\n","protected":false},"author":1,"featured_media":0,"comment_status":"open","ping_status":"open","sticky":false,"template":"","format":"standard","meta":{"footnotes":""},"categories":[21],"tags":[],"class_list":["post-7705","post","type-post","status-publish","format-standard","hentry","category-rio-de-janeiro-rj"],"_links":{"self":[{"href":"https:\/\/vagas.portalemprego.com.br\/index.php?rest_route=\/wp\/v2\/posts\/7705","targetHints":{"allow":["GET"]}}],"collection":[{"href":"https:\/\/vagas.portalemprego.com.br\/index.php?rest_route=\/wp\/v2\/posts"}],"about":[{"href":"https:\/\/vagas.portalemprego.com.br\/index.php?rest_route=\/wp\/v2\/types\/post"}],"author":[{"embeddable":true,"href":"https:\/\/vagas.portalemprego.com.br\/index.php?rest_route=\/wp\/v2\/users\/1"}],"replies":[{"embeddable":true,"href":"https:\/\/vagas.portalemprego.com.br\/index.php?rest_route=%2Fwp%2Fv2%2Fcomments&post=7705"}],"version-history":[{"count":0,"href":"https:\/\/vagas.portalemprego.com.br\/index.php?rest_route=\/wp\/v2\/posts\/7705\/revisions"}],"wp:attachment":[{"href":"https:\/\/vagas.portalemprego.com.br\/index.php?rest_route=%2Fwp%2Fv2%2Fmedia&parent=7705"}],"wp:term":[{"taxonomy":"category","embeddable":true,"href":"https:\/\/vagas.portalemprego.com.br\/index.php?rest_route=%2Fwp%2Fv2%2Fcategories&post=7705"},{"taxonomy":"post_tag","embeddable":true,"href":"https:\/\/vagas.portalemprego.com.br\/index.php?rest_route=%2Fwp%2Fv2%2Ftags&post=7705"}],"curies":[{"name":"wp","href":"https:\/\/api.w.org\/{rel}","templated":true}]}}