{"id":7706,"date":"2026-04-30T06:44:44","date_gmt":"2026-04-30T09:44:44","guid":{"rendered":"https:\/\/vagas.portalemprego.com.br\/?p=7706"},"modified":"2026-04-30T06:44:44","modified_gmt":"2026-04-30T09:44:44","slug":"secretario-de-coordenacao-teresopolis-rj-2","status":"publish","type":"post","link":"https:\/\/vagas.portalemprego.com.br\/?p=7706","title":{"rendered":"SECRETARIO DE COORDENACAO &#8211; Teres\u00f3polis &#8211; RJ"},"content":{"rendered":"<p>Descri\u00e7\u00e3o<\/p>\n<p>Est\u00e1 em busca de uma oportunidade para crescer, desenvolver suas habilidades e fazer parte de um ambiente din\u00e2mico e colaborativo? Ent\u00e3o essa vaga pode ser para voc\u00ea!Estamos em busca de profissionais engajados, organizados e com vontade de aprender, que queiram contribuir ativamente para o bom funcionamento dos cursos de Terapia Ocupacional e Educa\u00e7\u00e3o F\u00edsica.Se voc\u00ea gosta de desafios, valoriza o trabalho em equipe e quer fazer a diferen\u00e7a no dia a dia, venha fazer parte da equipe FESO. Candidate-se e venha fazer parte do time FESO!<\/p>\n<p>Responsabilidades e atribui\u00e7\u00f5es<\/p>\n<ul>\n<li>Prestar assist\u00eancia aos coordenadores em demandas da \u00e1rea;<\/li>\n<li>Preparar e controlar agendas, tratar documentos diversos, cumprindo os procedimentos necess\u00e1rios e prazos pr\u00e9-estabelecidos;<\/li>\n<li>Secretariar reuni\u00f5es e outros eventos, redigir atas, memorandos, portarias, of\u00edcios, comunica\u00e7\u00f5es internas e outros documentos da \u00e1rea;<\/li>\n<li>Preparar relat\u00f3rios, formul\u00e1rios e planilhas;<\/li>\n<li>Operar computadores e sistemas informatizados para consultar informa\u00e7\u00f5es, registrar atendimentos e concluir solicita\u00e7\u00f5es pertinentes \u00e0 \u00e1rea;<\/li>\n<li>Efetuar c\u00e1lculos, lan\u00e7amentos, cadastros e demais opera\u00e7\u00f5es em sistema informatizado internos ou externos;<\/li>\n<\/ul>\n<ul>\n<li>Realizar acompanhamento de prazos, atendimentos e atualiza\u00e7\u00f5es das legisla\u00e7\u00f5es pertinentes \u00e0 \u00e1rea prestando suporte \u00e0 coordena\u00e7\u00e3o e demais envolvidos nos processos;<\/li>\n<li>Atender ao p\u00fablico interno e externo;<\/li>\n<li>Controlar material de expediente, realizando a requisi\u00e7\u00e3o de materiais quando necess\u00e1rio, acompanhar or\u00e7amento da \u00e1rea;<\/li>\n<li>Utilizar sistemas acad\u00eamicos;<\/li>\n<li>Executar demais atividades inerentes \u00e0 fun\u00e7\u00e3o.<\/li>\n<\/ul>\n<p>Hor\u00e1rio de Trabalho:\u00a0 20 horas semanais &#8211; Segunda \u00e0 Sexta das 17h \u00e0s 21h<br \/>Local de Trabalho:\u00a0Campus Quinta do Para\u00edso &#8211; Estrada Venceslau Jos\u00e9 de Medeiros, 1045 &#8211; Prata &#8211; Teres\u00f3polis, RJ\u00a0<\/p>\n<p>Requisitos e qualifica\u00e7\u00f5es<\/p>\n<ul>\n<li>Ensino superior completo em Secretariado, Administra\u00e7\u00e3o ou \u00e1reas correlatas;<\/li>\n<li>Conhecimento em inform\u00e1tica e pacote office;<\/li>\n<li>Residir em Teres\u00f3polis \u2013 Vaga 100% presencial.<\/li>\n<\/ul>\n<p>A Feso valoriza a diversidade e promove a inclus\u00e3o de Pessoas com Defici\u00eancia (PcD). Caso voc\u00ea seja um profissional com defici\u00eancia e se interessou por esta oportunidade, venha trabalhar conosco!<\/p>\n","protected":false},"excerpt":{"rendered":"<p>Descri\u00e7\u00e3o Est\u00e1 em busca de uma oportunidade para crescer, desenvolver suas habilidades e fazer parte de um ambiente din\u00e2mico e colaborativo? Ent\u00e3o essa vaga pode ser para voc\u00ea!Estamos em busca de profissionais engajados, organizados e com vontade de aprender, que queiram contribuir ativamente para o bom funcionamento dos cursos de Terapia Ocupacional e Educa\u00e7\u00e3o F\u00edsica.Se [&hellip;]<\/p>\n","protected":false},"author":1,"featured_media":0,"comment_status":"open","ping_status":"open","sticky":false,"template":"","format":"standard","meta":{"footnotes":""},"categories":[21],"tags":[],"class_list":["post-7706","post","type-post","status-publish","format-standard","hentry","category-rio-de-janeiro-rj"],"_links":{"self":[{"href":"https:\/\/vagas.portalemprego.com.br\/index.php?rest_route=\/wp\/v2\/posts\/7706","targetHints":{"allow":["GET"]}}],"collection":[{"href":"https:\/\/vagas.portalemprego.com.br\/index.php?rest_route=\/wp\/v2\/posts"}],"about":[{"href":"https:\/\/vagas.portalemprego.com.br\/index.php?rest_route=\/wp\/v2\/types\/post"}],"author":[{"embeddable":true,"href":"https:\/\/vagas.portalemprego.com.br\/index.php?rest_route=\/wp\/v2\/users\/1"}],"replies":[{"embeddable":true,"href":"https:\/\/vagas.portalemprego.com.br\/index.php?rest_route=%2Fwp%2Fv2%2Fcomments&post=7706"}],"version-history":[{"count":0,"href":"https:\/\/vagas.portalemprego.com.br\/index.php?rest_route=\/wp\/v2\/posts\/7706\/revisions"}],"wp:attachment":[{"href":"https:\/\/vagas.portalemprego.com.br\/index.php?rest_route=%2Fwp%2Fv2%2Fmedia&parent=7706"}],"wp:term":[{"taxonomy":"category","embeddable":true,"href":"https:\/\/vagas.portalemprego.com.br\/index.php?rest_route=%2Fwp%2Fv2%2Fcategories&post=7706"},{"taxonomy":"post_tag","embeddable":true,"href":"https:\/\/vagas.portalemprego.com.br\/index.php?rest_route=%2Fwp%2Fv2%2Ftags&post=7706"}],"curies":[{"name":"wp","href":"https:\/\/api.w.org\/{rel}","templated":true}]}}