{"id":7740,"date":"2026-04-30T06:30:30","date_gmt":"2026-04-30T09:30:30","guid":{"rendered":"https:\/\/vagas.portalemprego.com.br\/?p=7740"},"modified":"2026-04-30T06:30:30","modified_gmt":"2026-04-30T09:30:30","slug":"ajudante-de-producao-industrial-producao-fabrica-sao-joao-de-meriti-2","status":"publish","type":"post","link":"https:\/\/vagas.portalemprego.com.br\/?p=7740","title":{"rendered":"Ajudante de Produ\u00e7\u00e3o &#8211; Industrial, Produ\u00e7\u00e3o, F\u00e1brica &#8211; S\u00e3o Jo\u00e3o de Meriti"},"content":{"rendered":"<p>Responsabilidade:<br \/>\nAuxilia e executa as atividades de adesiva\u00e7\u00e3o de diversos produtos, no interior da empresa e no cliente.<br \/>\nAs atividades s\u00e3o executadas na comunica\u00e7\u00e3o visual interna e externa da empresa.<br \/>\nAuxilia no trabalho de aplica\u00e7\u00e3o de adesivos em diversos produtos e \u00e1reas, como placas, ACM, faixas, bandor, lonas, banners, pain\u00e9is e envelopando carros e caminh\u00f5es.<br \/>\nAuxilia nas atividades de instala\u00e7\u00f5es externas em altura.<br \/>\nUtiliza materiais como Esp\u00e1tula, Estilete, Trena, Cola, Tesoura, Parafusadeira e M\u00e1quina de Furar.<br \/>\nCuida da ordem e\u00a0limpeza\u00a0do local de trabalho, removendo res\u00edduos, lixo, material para descarte.<br \/>\nFaz a embalagem de todos os produtos, que ser\u00e3o enviados para os clientes.<br \/>\nExecuta outras tarefas correlatadas as acima descritas, conforme orienta\u00e7\u00e3o da Ger\u00eancia.<\/p>\n<p>Requisito:<br \/>\n&#8211; Manuseio de ferramentas voltadas para a \u00e1rea;<br \/>\n&#8211; Experi\u00eancia de 6 meses na fun\u00e7\u00e3o.<\/p>\n<ul>\n<li>N\u00famero de vagas: 2<\/li>\n<li>Local de trabalho: S\u00e3o Jo\u00e3o de Meriti, RJ<\/li>\n<li>Regime de contrata\u00e7\u00e3o de tipo: Efetivo \u2013 CLT<\/li>\n<li>Jornada: Per\u00edodo Integral<\/li>\n<li>\u00c1rea e especializa\u00e7\u00e3o profissional: Industrial, Produ\u00e7\u00e3o, F\u00e1brica &#8211; Impress\u00e3o<\/li>\n<li>N\u00edvel hier\u00e1rquico: Operacional<\/li>\n<\/ul>\n<p>Escolaridade M\u00ednima: Ensino Fundamental (1\u00ba grau)<\/p>\n<ul>\n<li>Refei\u00e7\u00e3o no local<\/li>\n<\/ul>\n","protected":false},"excerpt":{"rendered":"<p>Responsabilidade: Auxilia e executa as atividades de adesiva\u00e7\u00e3o de diversos produtos, no interior da empresa e no cliente. As atividades s\u00e3o executadas na comunica\u00e7\u00e3o visual interna e externa da empresa. Auxilia no trabalho de aplica\u00e7\u00e3o de adesivos em diversos produtos e \u00e1reas, como placas, ACM, faixas, bandor, lonas, banners, pain\u00e9is e envelopando carros e caminh\u00f5es. [&hellip;]<\/p>\n","protected":false},"author":1,"featured_media":0,"comment_status":"open","ping_status":"open","sticky":false,"template":"","format":"standard","meta":{"footnotes":""},"categories":[21],"tags":[],"class_list":["post-7740","post","type-post","status-publish","format-standard","hentry","category-rio-de-janeiro-rj"],"_links":{"self":[{"href":"https:\/\/vagas.portalemprego.com.br\/index.php?rest_route=\/wp\/v2\/posts\/7740","targetHints":{"allow":["GET"]}}],"collection":[{"href":"https:\/\/vagas.portalemprego.com.br\/index.php?rest_route=\/wp\/v2\/posts"}],"about":[{"href":"https:\/\/vagas.portalemprego.com.br\/index.php?rest_route=\/wp\/v2\/types\/post"}],"author":[{"embeddable":true,"href":"https:\/\/vagas.portalemprego.com.br\/index.php?rest_route=\/wp\/v2\/users\/1"}],"replies":[{"embeddable":true,"href":"https:\/\/vagas.portalemprego.com.br\/index.php?rest_route=%2Fwp%2Fv2%2Fcomments&post=7740"}],"version-history":[{"count":0,"href":"https:\/\/vagas.portalemprego.com.br\/index.php?rest_route=\/wp\/v2\/posts\/7740\/revisions"}],"wp:attachment":[{"href":"https:\/\/vagas.portalemprego.com.br\/index.php?rest_route=%2Fwp%2Fv2%2Fmedia&parent=7740"}],"wp:term":[{"taxonomy":"category","embeddable":true,"href":"https:\/\/vagas.portalemprego.com.br\/index.php?rest_route=%2Fwp%2Fv2%2Fcategories&post=7740"},{"taxonomy":"post_tag","embeddable":true,"href":"https:\/\/vagas.portalemprego.com.br\/index.php?rest_route=%2Fwp%2Fv2%2Ftags&post=7740"}],"curies":[{"name":"wp","href":"https:\/\/api.w.org\/{rel}","templated":true}]}}