{"id":7741,"date":"2026-04-30T06:34:34","date_gmt":"2026-04-30T09:34:34","guid":{"rendered":"https:\/\/vagas.portalemprego.com.br\/?p=7741"},"modified":"2026-04-30T06:34:34","modified_gmt":"2026-04-30T09:34:34","slug":"assistente-comercial-comercial-vendas-rio-de-janeiro-11","status":"publish","type":"post","link":"https:\/\/vagas.portalemprego.com.br\/?p=7741","title":{"rendered":"Assistente Comercial &#8211; Comercial, Vendas &#8211; Rio de Janeiro"},"content":{"rendered":"<p>Principais Responsabilidades:<br \/>\n\u2022\tAtendimento a clientes presencial, por telefone e canais digitais (WhatsApp, e-mail, redes sociais).<br \/>\n\u2022\tRealizar agendamentos de consultas, procedimentos e tratamentos est\u00e9ticos, dando suporte \u00e0 equipe de vendas.<br \/>\n\u2022\tCadastro, atualiza\u00e7\u00e3o e acompanhamento do hist\u00f3rico de clientes.<br \/>\n\u2022\tApoiar estrat\u00e9gias comerciais e campanhas promocionais da cl\u00ednica.<br \/>\n\u2022\tControlar agenda de vendas, follow-ups e retornos de clientes.<br \/>\n\u2022\tAuxiliar na organiza\u00e7\u00e3o e manuten\u00e7\u00e3o de arquivos e dados comerciais.<br \/>\n\u2022\tMonitorar resultados de vendas, auxiliando no fechamento de metas e indicadores.<br \/>\n\u2022\tZelar pela organiza\u00e7\u00e3o e imagem da cl\u00ednica, proporcionando ambiente acolhedor aos clientes.<\/p>\n<p>Requisitos:<br \/>\n\u2022\tEnsino m\u00e9dio completo (preferencialmente com curso t\u00e9cnico em Administra\u00e7\u00e3o, Marketing ou \u00e1reas correlatas).<br \/>\n\u2022\tExperi\u00eancia pr\u00e9via em vendas, atendimento ao cliente ou suporte comercial em cl\u00ednicas de est\u00e9tica, sa\u00fade ou beleza.<br \/>\n\u2022\tConhecimento em Pacote Office (Word, Excel, Outlook) e sistemas de gest\u00e3o\/CRM.<br \/>\n\u2022\tBoa comunica\u00e7\u00e3o verbal e escrita.<br \/>\n\u2022\tOrganiza\u00e7\u00e3o, proatividade e aten\u00e7\u00e3o a detalhes.<\/p>\n<p>Benef\u00edcios:<br \/>\n\u2022\tVale-transporte<br \/>\n\u2022\tComiss\u00e3o \u00e0 combinar<br \/>\n\u2022\tTreinamentos e capacita\u00e7\u00e3o cont\u00ednua<br \/>\n\u2022\tAmbiente de trabalho agrad\u00e1vel e din\u00e2mico<\/p>\n<p>Escala:<br \/>\n2\u00aa \u00e0 5\u00aa das 9h as 18h \/ 6\u00aa das 9h as 17h<br \/>\nTer disponibilidade para atuar em um final de semana dentro do m\u00eas (pgto de hora extra)<\/p>\n<ul>\n<li>Local de trabalho: Rio de Janeiro, RJ<\/li>\n<li>Regime de contrata\u00e7\u00e3o de tipo: Efetivo \u2013 CLT<\/li>\n<li>Jornada: Per\u00edodo Integral<\/li>\n<li>\u00c1rea e especializa\u00e7\u00e3o profissional: Comercial, Vendas &#8211; Venda Interna<\/li>\n<li>N\u00edvel hier\u00e1rquico: Assistente<\/li>\n<\/ul>\n<p>VALORIZADO<\/p>\n<p>Tempo de experi\u00eancia: Entre 1 e 3 anos<\/p>\n<p>Escolaridade M\u00ednima: Ensino M\u00e9dio (2\u00ba Grau)<\/p>\n<p>Sal\u00e1rio: 2000,0<\/p>\n","protected":false},"excerpt":{"rendered":"<p>Principais Responsabilidades: \u2022 Atendimento a clientes presencial, por telefone e canais digitais (WhatsApp, e-mail, redes sociais). \u2022 Realizar agendamentos de consultas, procedimentos e tratamentos est\u00e9ticos, dando suporte \u00e0 equipe de vendas. \u2022 Cadastro, atualiza\u00e7\u00e3o e acompanhamento do hist\u00f3rico de clientes. \u2022 Apoiar estrat\u00e9gias comerciais e campanhas promocionais da cl\u00ednica. \u2022 Controlar agenda de vendas, follow-ups [&hellip;]<\/p>\n","protected":false},"author":1,"featured_media":0,"comment_status":"open","ping_status":"open","sticky":false,"template":"","format":"standard","meta":{"footnotes":""},"categories":[21],"tags":[],"class_list":["post-7741","post","type-post","status-publish","format-standard","hentry","category-rio-de-janeiro-rj"],"_links":{"self":[{"href":"https:\/\/vagas.portalemprego.com.br\/index.php?rest_route=\/wp\/v2\/posts\/7741","targetHints":{"allow":["GET"]}}],"collection":[{"href":"https:\/\/vagas.portalemprego.com.br\/index.php?rest_route=\/wp\/v2\/posts"}],"about":[{"href":"https:\/\/vagas.portalemprego.com.br\/index.php?rest_route=\/wp\/v2\/types\/post"}],"author":[{"embeddable":true,"href":"https:\/\/vagas.portalemprego.com.br\/index.php?rest_route=\/wp\/v2\/users\/1"}],"replies":[{"embeddable":true,"href":"https:\/\/vagas.portalemprego.com.br\/index.php?rest_route=%2Fwp%2Fv2%2Fcomments&post=7741"}],"version-history":[{"count":0,"href":"https:\/\/vagas.portalemprego.com.br\/index.php?rest_route=\/wp\/v2\/posts\/7741\/revisions"}],"wp:attachment":[{"href":"https:\/\/vagas.portalemprego.com.br\/index.php?rest_route=%2Fwp%2Fv2%2Fmedia&parent=7741"}],"wp:term":[{"taxonomy":"category","embeddable":true,"href":"https:\/\/vagas.portalemprego.com.br\/index.php?rest_route=%2Fwp%2Fv2%2Fcategories&post=7741"},{"taxonomy":"post_tag","embeddable":true,"href":"https:\/\/vagas.portalemprego.com.br\/index.php?rest_route=%2Fwp%2Fv2%2Ftags&post=7741"}],"curies":[{"name":"wp","href":"https:\/\/api.w.org\/{rel}","templated":true}]}}