{"id":7743,"date":"2026-04-30T06:51:51","date_gmt":"2026-04-30T09:51:51","guid":{"rendered":"https:\/\/vagas.portalemprego.com.br\/?p=7743"},"modified":"2026-04-30T06:51:51","modified_gmt":"2026-04-30T09:51:51","slug":"encarregado-de-expedicao-rio-de-janeiro","status":"publish","type":"post","link":"https:\/\/vagas.portalemprego.com.br\/?p=7743","title":{"rendered":"ENCARREGADO DE EXPEDI\u00c7\u00c3O &#8211; Rio de Janeiro"},"content":{"rendered":"<p>Estamos em busca de um profissional din\u00e2mico e organizado para liderar nossa \u00e1rea de Expedi\u00e7\u00e3o Geral. Se voc\u00ea tem experi\u00eancia em log\u00edstica e busca um ambiente focado em excel\u00eancia, essa vaga \u00e9 para voc\u00ea!<\/p>\n<\/p>\n<p>Requisitos:<\/p>\n<p>Ensino M\u00e9dio completo ou Superior (Log\u00edstica ou \u00e1reas correlatas ser\u00e1 um diferencial);<\/p>\n<p>CNH B Ativa;<\/p>\n<p>Conhecimento em Excel;<\/p>\n<p>Experi\u00eancia com lideran\u00e7a em expedi\u00e7\u00e3o, log\u00edstica e confer\u00eancia de mercadorias;<\/p>\n<p>DIFERENCIAL: Viv\u00eancia no segmento aliment\u00edcio;<\/p>\n<\/p>\n<p>Principais Atividades:<\/p>\n<p>Garantir que os pedidos sejam separados, conferidos e carregados corretamente.<\/p>\n<p>Assegurar o registro fiel de todas as movimenta\u00e7\u00f5es e confer\u00eancias zelando pelo cofre de mercadorias da empresa.<\/p>\n<p>Coordenar e supervisionar a separa\u00e7\u00e3o, confer\u00eancia e embalagem de produtos, organizando e distribuindo tarefas, orientando o time sobre procedimentos operacionais e de seguran\u00e7a.<\/p>\n<p>Monitorar o carregamento\/descarregamento e manter contato direto com transportadoras, motoristas e clientes.<\/p>\n<p>Conferir romaneios e realizar invent\u00e1rios peri\u00f3dicos do estoque.<\/p>\n<p>Garantir a integridade das mercadorias e o cumprimento das normas de seguran\u00e7a do trabalho.<\/p>\n<\/p>\n<p>Estamos atuando com pretens\u00e3o salarial.<\/p>\n<\/p>\n<p>&#8211; Modelo de trabalho: Presencial &#8211; CLT<\/p>\n<\/p>\n<p> ;<\/p>\n","protected":false},"excerpt":{"rendered":"<p>Estamos em busca de um profissional din\u00e2mico e organizado para liderar nossa \u00e1rea de Expedi\u00e7\u00e3o Geral. Se voc\u00ea tem experi\u00eancia em log\u00edstica e busca um ambiente focado em excel\u00eancia, essa vaga \u00e9 para voc\u00ea! Requisitos: Ensino M\u00e9dio completo ou Superior (Log\u00edstica ou \u00e1reas correlatas ser\u00e1 um diferencial); CNH B Ativa; Conhecimento em Excel; Experi\u00eancia com [&hellip;]<\/p>\n","protected":false},"author":1,"featured_media":0,"comment_status":"open","ping_status":"open","sticky":false,"template":"","format":"standard","meta":{"footnotes":""},"categories":[21],"tags":[],"class_list":["post-7743","post","type-post","status-publish","format-standard","hentry","category-rio-de-janeiro-rj"],"_links":{"self":[{"href":"https:\/\/vagas.portalemprego.com.br\/index.php?rest_route=\/wp\/v2\/posts\/7743","targetHints":{"allow":["GET"]}}],"collection":[{"href":"https:\/\/vagas.portalemprego.com.br\/index.php?rest_route=\/wp\/v2\/posts"}],"about":[{"href":"https:\/\/vagas.portalemprego.com.br\/index.php?rest_route=\/wp\/v2\/types\/post"}],"author":[{"embeddable":true,"href":"https:\/\/vagas.portalemprego.com.br\/index.php?rest_route=\/wp\/v2\/users\/1"}],"replies":[{"embeddable":true,"href":"https:\/\/vagas.portalemprego.com.br\/index.php?rest_route=%2Fwp%2Fv2%2Fcomments&post=7743"}],"version-history":[{"count":0,"href":"https:\/\/vagas.portalemprego.com.br\/index.php?rest_route=\/wp\/v2\/posts\/7743\/revisions"}],"wp:attachment":[{"href":"https:\/\/vagas.portalemprego.com.br\/index.php?rest_route=%2Fwp%2Fv2%2Fmedia&parent=7743"}],"wp:term":[{"taxonomy":"category","embeddable":true,"href":"https:\/\/vagas.portalemprego.com.br\/index.php?rest_route=%2Fwp%2Fv2%2Fcategories&post=7743"},{"taxonomy":"post_tag","embeddable":true,"href":"https:\/\/vagas.portalemprego.com.br\/index.php?rest_route=%2Fwp%2Fv2%2Ftags&post=7743"}],"curies":[{"name":"wp","href":"https:\/\/api.w.org\/{rel}","templated":true}]}}