{"id":7748,"date":"2026-04-30T06:58:58","date_gmt":"2026-04-30T09:58:58","guid":{"rendered":"https:\/\/vagas.portalemprego.com.br\/?p=7748"},"modified":"2026-04-30T06:58:58","modified_gmt":"2026-04-30T09:58:58","slug":"lider-de-padaria-freguesia-rio-de-janeiro","status":"publish","type":"post","link":"https:\/\/vagas.portalemprego.com.br\/?p=7748","title":{"rendered":"L\u00edder de Padaria &#8211; Freguesia &#8211; Rio de Janeiro"},"content":{"rendered":"<p>Sobre a vaga:<\/p>\n<p>Se voc\u00ea tem paix\u00e3o por panifica\u00e7\u00e3o, gosta de liderar pessoas e busca crescimento profissional, essa oportunidade \u00e9 para voc\u00ea!<\/p>\n<p>Estamos em busca de um L\u00edder de Padaria para atuar em nossa rede de supermercados, garantindo a qualidade dos produtos, o bom desempenho da equipe e a satisfa\u00e7\u00e3o dos clientes.<\/p>\n<p><\/p>\n<p>Principais atribui\u00e7\u00f5es:<\/p>\n<ul>\n<li>Supervisionar e orientar a equipe da padaria.\n<\/li>\n<\/ul>\n<ul>\n<li>Garantir o padr\u00e3o de qualidade e a produtividade da produ\u00e7\u00e3o.\n<\/li>\n<\/ul>\n<ul>\n<li>Controlar estoque e solicitar insumos quando necess\u00e1rio.\n<\/li>\n<\/ul>\n<ul>\n<li>Assegurar a aplica\u00e7\u00e3o das normas de higiene e seguran\u00e7a alimentar.\n<\/li>\n<\/ul>\n<ul>\n<li>Apoiar no treinamento e desenvolvimento da equipe.\n<\/li>\n<\/ul>\n<ul>\n<li>Contribuir para o alcance das metas de vendas e redu\u00e7\u00e3o de perdas.<\/li>\n<\/ul>\n<p><\/p>\n<p>Requisitos obrigat\u00f3rios:<\/p>\n<ul>\n<li>Ensino m\u00e9dio completo.\n<\/li>\n<\/ul>\n<ul>\n<li>Experi\u00eancia anterior em padaria ou produ\u00e7\u00e3o de alimentos.\n<\/li>\n<\/ul>\n<ul>\n<li>Viv\u00eancia com lideran\u00e7a de equipes.\n<\/li>\n<\/ul>\n<ul>\n<li>Conhecimento em boas pr\u00e1ticas de manipula\u00e7\u00e3o de alimentos.<\/li>\n<\/ul>\n<p><\/p>\n<p>Requisitos desej\u00e1veis(diferencial):<\/p>\n<ul>\n<li>Cursos em panifica\u00e7\u00e3o ou confeitaria.\n<\/li>\n<\/ul>\n<ul>\n<li>Experi\u00eancia em supermercados ou redes varejistas.\n<\/li>\n<\/ul>\n<ul>\n<li>Conhecimento em gest\u00e3o de metas e indicadores.<\/li>\n<\/ul>\n<p><\/p>\n<p>Benef\u00edcios:<\/p>\n<ul>\n<li>Plano odontol\u00f3gico.\n<\/li>\n<\/ul>\n<ul>\n<li>Vale transporte.\n<\/li>\n<\/ul>\n<ul>\n<li>Seguro de vida.\n<\/li>\n<\/ul>\n<ul>\n<li>Aux\u00edlio funeral.\n<\/li>\n<\/ul>\n<ul>\n<li>Refeit\u00f3rios em todas as lojas.\n<\/li>\n<\/ul>\n<ul>\n<li>Desconto de at\u00e9 70% em faculdades (titular e dependente).\n<\/li>\n<\/ul>\n<ul>\n<li>Descontos em produtos da empresa.\n<\/li>\n<\/ul>\n<ul>\n<li>SESC para sua divers\u00e3o e de seus dependentes.\n<\/li>\n<\/ul>\n<ul>\n<li>SENAC (cursos profissionalizantes para sua capacita\u00e7\u00e3o e de seus dependentes).<\/li>\n<\/ul>\n<p><\/p>\n<p>Jornada de trabalho e carga hor\u00e1ria:<\/p>\n<ul>\n<li>Escala 6&#215;1.\n<\/li>\n<\/ul>\n<ul>\n<li>Disponibilidade para abertura e\/ou fechamento da loja.<\/li>\n<\/ul>\n<p><\/p>\n","protected":false},"excerpt":{"rendered":"<p>Sobre a vaga: Se voc\u00ea tem paix\u00e3o por panifica\u00e7\u00e3o, gosta de liderar pessoas e busca crescimento profissional, essa oportunidade \u00e9 para voc\u00ea! Estamos em busca de um L\u00edder de Padaria para atuar em nossa rede de supermercados, garantindo a qualidade dos produtos, o bom desempenho da equipe e a satisfa\u00e7\u00e3o dos clientes. Principais atribui\u00e7\u00f5es: Supervisionar [&hellip;]<\/p>\n","protected":false},"author":1,"featured_media":0,"comment_status":"open","ping_status":"open","sticky":false,"template":"","format":"standard","meta":{"footnotes":""},"categories":[21],"tags":[],"class_list":["post-7748","post","type-post","status-publish","format-standard","hentry","category-rio-de-janeiro-rj"],"_links":{"self":[{"href":"https:\/\/vagas.portalemprego.com.br\/index.php?rest_route=\/wp\/v2\/posts\/7748","targetHints":{"allow":["GET"]}}],"collection":[{"href":"https:\/\/vagas.portalemprego.com.br\/index.php?rest_route=\/wp\/v2\/posts"}],"about":[{"href":"https:\/\/vagas.portalemprego.com.br\/index.php?rest_route=\/wp\/v2\/types\/post"}],"author":[{"embeddable":true,"href":"https:\/\/vagas.portalemprego.com.br\/index.php?rest_route=\/wp\/v2\/users\/1"}],"replies":[{"embeddable":true,"href":"https:\/\/vagas.portalemprego.com.br\/index.php?rest_route=%2Fwp%2Fv2%2Fcomments&post=7748"}],"version-history":[{"count":0,"href":"https:\/\/vagas.portalemprego.com.br\/index.php?rest_route=\/wp\/v2\/posts\/7748\/revisions"}],"wp:attachment":[{"href":"https:\/\/vagas.portalemprego.com.br\/index.php?rest_route=%2Fwp%2Fv2%2Fmedia&parent=7748"}],"wp:term":[{"taxonomy":"category","embeddable":true,"href":"https:\/\/vagas.portalemprego.com.br\/index.php?rest_route=%2Fwp%2Fv2%2Fcategories&post=7748"},{"taxonomy":"post_tag","embeddable":true,"href":"https:\/\/vagas.portalemprego.com.br\/index.php?rest_route=%2Fwp%2Fv2%2Ftags&post=7748"}],"curies":[{"name":"wp","href":"https:\/\/api.w.org\/{rel}","templated":true}]}}