{"id":7851,"date":"2026-04-30T06:54:54","date_gmt":"2026-04-30T09:54:54","guid":{"rendered":"https:\/\/vagas.portalemprego.com.br\/?p=7851"},"modified":"2026-04-30T06:54:54","modified_gmt":"2026-04-30T09:54:54","slug":"vendedor-interno-barra-da-tijuca-rj-comercial-vendas-rio-de-janeiro","status":"publish","type":"post","link":"https:\/\/vagas.portalemprego.com.br\/?p=7851","title":{"rendered":"Vendedor Interno &#8211; Barra da Tijuca (RJ) &#8211; Comercial, Vendas &#8211; Rio de Janeiro"},"content":{"rendered":"<p>Oportunidade\u00a0para\u00a0quem\u00a0tem\u00a0perfil\u00a0comunicativo,\u00a0organizado\u00a0e\u00a0com\u00a0interesse\u00a0em\u00a0atuar\u00a0com\u00a0atendimento\u00a0e\u00a0vendas.\u00a0A\u00a0vaga\u00a0\u00e9\u00a0para\u00a0a\u00a0regi\u00e3o\u00a0da\u00a0Barra\u00a0da\u00a0Tijuca\u00a0\u2013\u00a0RJ,\u00a0com\u00a0atua\u00e7\u00e3o\u00a0focada\u00a0em\u00a0canais\u00a0digitais\u00a0e\u00a0relacionamento\u00a0com\u00a0clientes.<br \/>\nA\u00a0empresa\u00a0oferece\u00a0estrutura\u00a0completa,\u00a0suporte\u00a0no\u00a0dia\u00a0a\u00a0dia\u00a0e\u00a0ferramentas\u00a0necess\u00e1rias\u00a0para\u00a0o\u00a0seu\u00a0desenvolvimento.<\/p>\n<p>Principais\u00a0atividades:<br \/>\n\u2022\u00a0Atendimento\u00a0e\u00a0relacionamento\u00a0com\u00a0clientes<br \/>\n\u2022\u00a0Prospec\u00e7\u00e3o\u00a0e\u00a0capta\u00e7\u00e3o\u00a0de\u00a0novos\u00a0clientes<br \/>\n\u2022\u00a0Divulga\u00e7\u00e3o\u00a0de\u00a0im\u00f3veis\u00a0nas\u00a0redes\u00a0sociais<br \/>\n\u2022\u00a0Gest\u00e3o\u00a0de\u00a0leads\u00a0e\u00a0acompanhamento\u00a0de\u00a0oportunidades<br \/>\n\u2022\u00a0Participa\u00e7\u00e3o\u00a0em\u00a0a\u00e7\u00f5es\u00a0e\u00a0estrat\u00e9gias\u00a0comerciais<br \/>\nRequisitos:<br \/>\n\u2022\u00a0Ensino\u00a0m\u00e9dio\u00a0completo<br \/>\n\u2022\u00a0Boa\u00a0comunica\u00e7\u00e3o\u00a0e\u00a0postura\u00a0profissional<br \/>\n\u2022\u00a0Perfil\u00a0comercial\u00a0e\u00a0foco\u00a0em\u00a0resultados<br \/>\n\u2022\u00a0Com\u00a0ou\u00a0sem\u00a0experi\u00eancia<br \/>\nDiferenciais:<br \/>\n\u2022\u00a0Curso\u00a0de\u00a0TTI<br \/>\n\u2022\u00a0Parcerias\u00a0com\u00a0faculdades<br \/>\n\u2022\u00a0Parceria\u00a0com\u00a0restaurante<\/p>\n<ul>\n<li>N\u00famero de vagas: 2<\/li>\n<li>Local de trabalho: Rio de Janeiro, RJ<\/li>\n<li>Regime de contrata\u00e7\u00e3o de tipo: Prestador de Servi\u00e7os (PJ)<\/li>\n<li>Jornada: Per\u00edodo Integral<\/li>\n<li>\u00c1rea e especializa\u00e7\u00e3o profissional: Comercial, Vendas &#8211; Venda Interna<\/li>\n<li>N\u00edvel hier\u00e1rquico: Consultor<\/li>\n<\/ul>\n<p>Escolaridade M\u00ednima: Ensino M\u00e9dio (2\u00ba Grau)<\/p>\n<p>Forma\u00e7\u00e3o desejada:<\/p>\n<ul>\n<li>Ensino M\u00e9dio (2\u00ba Grau)<\/li>\n<\/ul>\n","protected":false},"excerpt":{"rendered":"<p>Oportunidade\u00a0para\u00a0quem\u00a0tem\u00a0perfil\u00a0comunicativo,\u00a0organizado\u00a0e\u00a0com\u00a0interesse\u00a0em\u00a0atuar\u00a0com\u00a0atendimento\u00a0e\u00a0vendas.\u00a0A\u00a0vaga\u00a0\u00e9\u00a0para\u00a0a\u00a0regi\u00e3o\u00a0da\u00a0Barra\u00a0da\u00a0Tijuca\u00a0\u2013\u00a0RJ,\u00a0com\u00a0atua\u00e7\u00e3o\u00a0focada\u00a0em\u00a0canais\u00a0digitais\u00a0e\u00a0relacionamento\u00a0com\u00a0clientes. A\u00a0empresa\u00a0oferece\u00a0estrutura\u00a0completa,\u00a0suporte\u00a0no\u00a0dia\u00a0a\u00a0dia\u00a0e\u00a0ferramentas\u00a0necess\u00e1rias\u00a0para\u00a0o\u00a0seu\u00a0desenvolvimento. Principais\u00a0atividades: \u2022\u00a0Atendimento\u00a0e\u00a0relacionamento\u00a0com\u00a0clientes \u2022\u00a0Prospec\u00e7\u00e3o\u00a0e\u00a0capta\u00e7\u00e3o\u00a0de\u00a0novos\u00a0clientes \u2022\u00a0Divulga\u00e7\u00e3o\u00a0de\u00a0im\u00f3veis\u00a0nas\u00a0redes\u00a0sociais \u2022\u00a0Gest\u00e3o\u00a0de\u00a0leads\u00a0e\u00a0acompanhamento\u00a0de\u00a0oportunidades \u2022\u00a0Participa\u00e7\u00e3o\u00a0em\u00a0a\u00e7\u00f5es\u00a0e\u00a0estrat\u00e9gias\u00a0comerciais Requisitos: \u2022\u00a0Ensino\u00a0m\u00e9dio\u00a0completo \u2022\u00a0Boa\u00a0comunica\u00e7\u00e3o\u00a0e\u00a0postura\u00a0profissional \u2022\u00a0Perfil\u00a0comercial\u00a0e\u00a0foco\u00a0em\u00a0resultados \u2022\u00a0Com\u00a0ou\u00a0sem\u00a0experi\u00eancia Diferenciais: \u2022\u00a0Curso\u00a0de\u00a0TTI \u2022\u00a0Parcerias\u00a0com\u00a0faculdades \u2022\u00a0Parceria\u00a0com\u00a0restaurante N\u00famero de vagas: 2 Local de trabalho: Rio de Janeiro, RJ Regime de contrata\u00e7\u00e3o de tipo: Prestador de Servi\u00e7os (PJ) Jornada: Per\u00edodo Integral \u00c1rea e especializa\u00e7\u00e3o profissional: Comercial, Vendas &#8211; Venda Interna N\u00edvel hier\u00e1rquico: Consultor Escolaridade M\u00ednima: Ensino [&hellip;]<\/p>\n","protected":false},"author":1,"featured_media":0,"comment_status":"open","ping_status":"open","sticky":false,"template":"","format":"standard","meta":{"footnotes":""},"categories":[21],"tags":[],"class_list":["post-7851","post","type-post","status-publish","format-standard","hentry","category-rio-de-janeiro-rj"],"_links":{"self":[{"href":"https:\/\/vagas.portalemprego.com.br\/index.php?rest_route=\/wp\/v2\/posts\/7851","targetHints":{"allow":["GET"]}}],"collection":[{"href":"https:\/\/vagas.portalemprego.com.br\/index.php?rest_route=\/wp\/v2\/posts"}],"about":[{"href":"https:\/\/vagas.portalemprego.com.br\/index.php?rest_route=\/wp\/v2\/types\/post"}],"author":[{"embeddable":true,"href":"https:\/\/vagas.portalemprego.com.br\/index.php?rest_route=\/wp\/v2\/users\/1"}],"replies":[{"embeddable":true,"href":"https:\/\/vagas.portalemprego.com.br\/index.php?rest_route=%2Fwp%2Fv2%2Fcomments&post=7851"}],"version-history":[{"count":0,"href":"https:\/\/vagas.portalemprego.com.br\/index.php?rest_route=\/wp\/v2\/posts\/7851\/revisions"}],"wp:attachment":[{"href":"https:\/\/vagas.portalemprego.com.br\/index.php?rest_route=%2Fwp%2Fv2%2Fmedia&parent=7851"}],"wp:term":[{"taxonomy":"category","embeddable":true,"href":"https:\/\/vagas.portalemprego.com.br\/index.php?rest_route=%2Fwp%2Fv2%2Fcategories&post=7851"},{"taxonomy":"post_tag","embeddable":true,"href":"https:\/\/vagas.portalemprego.com.br\/index.php?rest_route=%2Fwp%2Fv2%2Ftags&post=7851"}],"curies":[{"name":"wp","href":"https:\/\/api.w.org\/{rel}","templated":true}]}}