{"id":7863,"date":"2026-05-01T02:32:18","date_gmt":"2026-05-01T05:32:18","guid":{"rendered":"https:\/\/vagas.portalemprego.com.br\/?p=7863"},"modified":"2026-05-01T02:32:18","modified_gmt":"2026-05-01T05:32:18","slug":"analista-pmo-senior-administracao-rio-de-janeiro","status":"publish","type":"post","link":"https:\/\/vagas.portalemprego.com.br\/?p=7863","title":{"rendered":"Analista PMO S\u00eanior &#8211; Administra\u00e7\u00e3o &#8211; Rio de Janeiro"},"content":{"rendered":"<p>Adecco em parceria com uma grande empresa na \u00e1rea da sa\u00fade contrata ao cargo de Analista PMO S\u00eanior.<\/p>\n<p>Requisitos<br \/>\nEnsino superior completo<br \/>\nP\u00f3s-gradua\u00e7\u00e3o em Gest\u00e3o de Projetos, Processos ou \u00e1reas correlatas (diferencial)<br \/>\nExperi\u00eancia s\u00f3lida em\u00a0gest\u00e3o de projetos (PMO), do planejamento \u00e0 entrega<br \/>\nViv\u00eancia com\u00a0implanta\u00e7\u00e3o de projetos\u00a0e\u00a0organiza\u00e7\u00e3o de processos de RH<br \/>\nExperi\u00eancia com\u00a0rotinas de RH\u00a0(Admiss\u00e3o, DP)<br \/>\nAtua\u00e7\u00e3o com\u00a0m\u00faltiplos stakeholders\u00a0(RH, TI e Opera\u00e7\u00f5es)<br \/>\nExcel avan\u00e7ado\u00a0e dom\u00ednio de ferramentas de gest\u00e3o de projetos<br \/>\nViv\u00eancia com\u00a0GED,\u00a0chatbot\u00a0e\/ou\u00a0transforma\u00e7\u00e3o digital em RH<br \/>\nInteresse em vaga tempor\u00e1ria de 270 dias com possibilidade de efetiva\u00e7\u00e3o<br \/>\nF\u00e1cil acesso a Botafogo e disponibilidade para atua\u00e7\u00e3o h\u00edbrida<\/p>\n<p>Este ser\u00e1 respons\u00e1vel por estruturar e garantir a execu\u00e7\u00e3o da implanta\u00e7\u00e3o do GED (Gest\u00e3o Eletr\u00f4nica de Documentos) e Chatbot em RH, assegurando organiza\u00e7\u00e3o, padroniza\u00e7\u00e3o de processos e ader\u00eancia das \u00e1reas, com impacto direto em efici\u00eancia operacional, compliance e experi\u00eancia do colaborador.<br \/>\n\u00a0<br \/>\nPrincipais responsabilidades:<br \/>\nConduzir a implanta\u00e7\u00e3o desde planejamento at\u00e9 estabiliza\u00e7\u00e3o;<br \/>\nMapear, organizar e padronizar processos e fluxos documentais;<br \/>\nGarantir governan\u00e7a do projeto (cronograma, entregas, status report);<br \/>\nAtuar com \u00e1reas de interface:<br \/>\nRH (Admiss\u00e3o, DP, R&amp;S);<br \/>\nTI;<br \/>\nOpera\u00e7\u00f5es;<br \/>\nMonitorar e reportar evolu\u00e7\u00e3o do projeto para lideran\u00e7a;<br \/>\nEstruturar e acompanhar indicadores de sucesso (prazo, ades\u00e3o, efici\u00eancia);<br \/>\nGarantir ado\u00e7\u00e3o das \u00e1reas (treinamento, comunica\u00e7\u00e3o, acompanhamento);<br \/>\nIdentificar riscos e atuar preventivamente.<\/p>\n<ul>\n<li>Local de trabalho: Rio de Janeiro, RJ<\/li>\n<li>Regime de contrata\u00e7\u00e3o de tipo: Tempor\u00e1rio<\/li>\n<li>Jornada: Per\u00edodo Integral<\/li>\n<li>\u00c1rea e especializa\u00e7\u00e3o profissional: Administra\u00e7\u00e3o &#8211; Administra\u00e7\u00e3o Geral<\/li>\n<li>N\u00edvel hier\u00e1rquico: Analista<\/li>\n<\/ul>\n<p>VALORIZADO<\/p>\n<p>Tempo de experi\u00eancia: Entre 3 e 5 anos<\/p>\n<p>Escolaridade M\u00ednima: P\u00f3s-gradua\u00e7\u00e3o &#8211; Especializa\u00e7\u00e3o\/MBA<\/p>\n<ul>\n<li>Vale-refei\u00e7\u00e3o<\/li>\n<li>Vale-transporte<\/li>\n<li>Seguro de Vida<\/li>\n<\/ul>\n","protected":false},"excerpt":{"rendered":"<p>Adecco em parceria com uma grande empresa na \u00e1rea da sa\u00fade contrata ao cargo de Analista PMO S\u00eanior. Requisitos Ensino superior completo P\u00f3s-gradua\u00e7\u00e3o em Gest\u00e3o de Projetos, Processos ou \u00e1reas correlatas (diferencial) Experi\u00eancia s\u00f3lida em\u00a0gest\u00e3o de projetos (PMO), do planejamento \u00e0 entrega Viv\u00eancia com\u00a0implanta\u00e7\u00e3o de projetos\u00a0e\u00a0organiza\u00e7\u00e3o de processos de RH Experi\u00eancia com\u00a0rotinas de RH\u00a0(Admiss\u00e3o, DP) [&hellip;]<\/p>\n","protected":false},"author":1,"featured_media":0,"comment_status":"open","ping_status":"open","sticky":false,"template":"","format":"standard","meta":{"footnotes":""},"categories":[21],"tags":[],"class_list":["post-7863","post","type-post","status-publish","format-standard","hentry","category-rio-de-janeiro-rj"],"_links":{"self":[{"href":"https:\/\/vagas.portalemprego.com.br\/index.php?rest_route=\/wp\/v2\/posts\/7863","targetHints":{"allow":["GET"]}}],"collection":[{"href":"https:\/\/vagas.portalemprego.com.br\/index.php?rest_route=\/wp\/v2\/posts"}],"about":[{"href":"https:\/\/vagas.portalemprego.com.br\/index.php?rest_route=\/wp\/v2\/types\/post"}],"author":[{"embeddable":true,"href":"https:\/\/vagas.portalemprego.com.br\/index.php?rest_route=\/wp\/v2\/users\/1"}],"replies":[{"embeddable":true,"href":"https:\/\/vagas.portalemprego.com.br\/index.php?rest_route=%2Fwp%2Fv2%2Fcomments&post=7863"}],"version-history":[{"count":0,"href":"https:\/\/vagas.portalemprego.com.br\/index.php?rest_route=\/wp\/v2\/posts\/7863\/revisions"}],"wp:attachment":[{"href":"https:\/\/vagas.portalemprego.com.br\/index.php?rest_route=%2Fwp%2Fv2%2Fmedia&parent=7863"}],"wp:term":[{"taxonomy":"category","embeddable":true,"href":"https:\/\/vagas.portalemprego.com.br\/index.php?rest_route=%2Fwp%2Fv2%2Fcategories&post=7863"},{"taxonomy":"post_tag","embeddable":true,"href":"https:\/\/vagas.portalemprego.com.br\/index.php?rest_route=%2Fwp%2Fv2%2Ftags&post=7863"}],"curies":[{"name":"wp","href":"https:\/\/api.w.org\/{rel}","templated":true}]}}