{"id":7864,"date":"2026-05-01T06:16:16","date_gmt":"2026-05-01T09:16:16","guid":{"rendered":"https:\/\/vagas.portalemprego.com.br\/?p=7864"},"modified":"2026-05-01T06:16:16","modified_gmt":"2026-05-01T09:16:16","slug":"analista-de-gestao-de-pagamentos-contabil-financas-economia-niteroi","status":"publish","type":"post","link":"https:\/\/vagas.portalemprego.com.br\/?p=7864","title":{"rendered":"Analista de Gest\u00e3o de Pagamentos &#8211; Cont\u00e1bil, Finan\u00e7as, Economia &#8211; Niter\u00f3i"},"content":{"rendered":"<p>A Adecco em parceria com empresa de grande porte no segmento mar\u00edtimo e log\u00edstica integrada para a ind\u00fastria de explora\u00e7\u00e3o e produ\u00e7\u00e3o (E&amp;P) de petr\u00f3leo e g\u00e1s natural offshore, busca um(a) profissional para atuar temporariamente na gest\u00e3o de pagamentos de fornecedores da \u00e1rea de Tecnologia da Informa\u00e7\u00e3o, garantindo precis\u00e3o, controle e alinhamento com os servi\u00e7os contratados.<br \/>\nPrincipais Responsabilidades<br \/>\n\u00b7       Gerenciar o processo de pagamentos de fornecedores de TI, desde a valida\u00e7\u00e3o at\u00e9 a execu\u00e7\u00e3o;<br \/>\n\u00b7       Conferir faturas de forma minuciosa, confrontando valores cobrados com os servi\u00e7os efetivamente entregues;<br \/>\n\u00b7       Identificar inconsist\u00eancias, diverg\u00eancias contratuais e oportunidades de ajuste;<br \/>\n\u00b7       Realizar lan\u00e7amentos financeiros e controle de provis\u00f5es para pagamentos;<br \/>\n\u00b7       Acompanhar prazos, garantindo cumprimento de SLAs financeiros;<br \/>\n\u00b7       Atuar como ponto focal entre \u00e1reas internas (TI, financeiro, compras) e fornecedores;<br \/>\n\u00b7       Apoiar na gera\u00e7\u00e3o de relat\u00f3rios gerenciais e indicadores de pagamento.<\/p>\n<p>Requisitos obrigat\u00f3rios:<br \/>\n*      Diferencial ter experi\u00eancia na \u00e1rea de Tecnologia da Informa\u00e7\u00e3o;<br \/>\n\u00b7       Experi\u00eancia pr\u00e9via em rotinas financeiras, com foco em contas a pagar ou gest\u00e3o de fornecedores;<br \/>\n\u00b7       Desej\u00e1vel conhecimento em SAP (m\u00f3dulos financeiros);<br \/>\n\u00b7       Dom\u00ednio de Excel (n\u00edvel avan\u00e7ado \u2013 f\u00f3rmulas, tabelas din\u00e2micas, concilia\u00e7\u00f5es, etc.);<br \/>\n\u00b7       Experi\u00eancia com ferramentas como Power BI (an\u00e1lise e visualiza\u00e7\u00e3o de dados, cria\u00e7\u00e3o de dashboard, etc.);<\/p>\n<ul>\n<li>Local de trabalho: Niter\u00f3i, RJ<\/li>\n<li>Regime de contrata\u00e7\u00e3o de tipo: Tempor\u00e1rio<\/li>\n<li>Jornada: Per\u00edodo Integral<\/li>\n<li>\u00c1rea e especializa\u00e7\u00e3o profissional: Cont\u00e1bil, Finan\u00e7as, Economia &#8211; Contas a Pagar e Receber<\/li>\n<li>N\u00edvel hier\u00e1rquico: Analista<\/li>\n<\/ul>\n<p>VALORIZADO<\/p>\n<p>Tempo de experi\u00eancia: Entre 5 e 10 anos<\/p>\n<p>Escolaridade M\u00ednima: Ensino Superior<\/p>\n<p>Forma\u00e7\u00e3o desejada:<\/p>\n<ul>\n<li>Tecnologia da Informa\u00e7\u00e3o, Ensino Superior<\/li>\n<li>Administra\u00e7\u00e3o de empresas, Ensino Superior<\/li>\n<li>Ci\u00eancias cont\u00e1beis, Ensino Superior<\/li>\n<li>Inform\u00e1tica, P\u00f3s-gradua\u00e7\u00e3o &#8211; Especializa\u00e7\u00e3o\/MBA<\/li>\n<\/ul>\n<p>Sal\u00e1rio: 5250,0<\/p>\n","protected":false},"excerpt":{"rendered":"<p>A Adecco em parceria com empresa de grande porte no segmento mar\u00edtimo e log\u00edstica integrada para a ind\u00fastria de explora\u00e7\u00e3o e produ\u00e7\u00e3o (E&amp;P) de petr\u00f3leo e g\u00e1s natural offshore, busca um(a) profissional para atuar temporariamente na gest\u00e3o de pagamentos de fornecedores da \u00e1rea de Tecnologia da Informa\u00e7\u00e3o, garantindo precis\u00e3o, controle e alinhamento com os servi\u00e7os [&hellip;]<\/p>\n","protected":false},"author":1,"featured_media":0,"comment_status":"open","ping_status":"open","sticky":false,"template":"","format":"standard","meta":{"footnotes":""},"categories":[21],"tags":[],"class_list":["post-7864","post","type-post","status-publish","format-standard","hentry","category-rio-de-janeiro-rj"],"_links":{"self":[{"href":"https:\/\/vagas.portalemprego.com.br\/index.php?rest_route=\/wp\/v2\/posts\/7864","targetHints":{"allow":["GET"]}}],"collection":[{"href":"https:\/\/vagas.portalemprego.com.br\/index.php?rest_route=\/wp\/v2\/posts"}],"about":[{"href":"https:\/\/vagas.portalemprego.com.br\/index.php?rest_route=\/wp\/v2\/types\/post"}],"author":[{"embeddable":true,"href":"https:\/\/vagas.portalemprego.com.br\/index.php?rest_route=\/wp\/v2\/users\/1"}],"replies":[{"embeddable":true,"href":"https:\/\/vagas.portalemprego.com.br\/index.php?rest_route=%2Fwp%2Fv2%2Fcomments&post=7864"}],"version-history":[{"count":0,"href":"https:\/\/vagas.portalemprego.com.br\/index.php?rest_route=\/wp\/v2\/posts\/7864\/revisions"}],"wp:attachment":[{"href":"https:\/\/vagas.portalemprego.com.br\/index.php?rest_route=%2Fwp%2Fv2%2Fmedia&parent=7864"}],"wp:term":[{"taxonomy":"category","embeddable":true,"href":"https:\/\/vagas.portalemprego.com.br\/index.php?rest_route=%2Fwp%2Fv2%2Fcategories&post=7864"},{"taxonomy":"post_tag","embeddable":true,"href":"https:\/\/vagas.portalemprego.com.br\/index.php?rest_route=%2Fwp%2Fv2%2Ftags&post=7864"}],"curies":[{"name":"wp","href":"https:\/\/api.w.org\/{rel}","templated":true}]}}